{"id":44480,"date":"2026-01-27T09:49:43","date_gmt":"2026-01-27T09:49:43","guid":{"rendered":"https:\/\/visitaltotamegaebarroso.pt\/la-cimat-renforce-la-promotion-territoriale-lors-de-la-35e-foire-de-la-viande-fumee-de-montalegre\/"},"modified":"2026-01-27T09:49:43","modified_gmt":"2026-01-27T09:49:43","slug":"la-cimat-renforce-la-promotion-territoriale-lors-de-la-35e-foire-de-la-viande-fumee-de-montalegre","status":"publish","type":"post","link":"https:\/\/visitaltotamegaebarroso.pt\/fr\/la-cimat-renforce-la-promotion-territoriale-lors-de-la-35e-foire-de-la-viande-fumee-de-montalegre\/","title":{"rendered":"La CIMAT renforce la promotion territoriale lors de la 35e Foire de la Viande Fum\u00e9e de Montalegre"},"content":{"rendered":"<p><strong>La Communaut\u00e9 Intercommunale d&rsquo;Alto T\u00e2mega et Barroso (CIMAT) \u00e9tait pr\u00e9sente \u00e0 la 35e Foire de la Viande Fum\u00e9e de Montalegre, qui s&rsquo;est tenue du 22 au 25 janvier au Pavillon Polyvalent de Montalegre, dans le cadre de sa strat\u00e9gie de promotion et de valorisation du territoire.<\/strong><\/p>\n<p>Durant les quatre jours de cet \u00e9v\u00e9nement, reconnu comme l&rsquo;un des plus importants salons gastronomiques du pays et surnomm\u00e9 la \u00ab Reine des Viandes Fum\u00e9es \u00bb, la CIMAT a assur\u00e9 la diffusion du potentiel touristique, culturel et patrimonial non seulement de la commune de Montalegre, mais aussi de toute la r\u00e9gion d&rsquo;Alto T\u00e2mega et Barroso. Sur son propre stand, elle a promu de mani\u00e8re int\u00e9gr\u00e9e l&rsquo;ensemble des communes qui composent cette Communaut\u00e9 Intercommunale : Boticas, Chaves, Ribeira de Pena, Valpa\u00e7os et Vila Pouca de Aguiar.<\/p>\n<p>La 35e \u00e9dition du Salon de la Viande Fum\u00e9e a propos\u00e9 un programme vari\u00e9 ax\u00e9 sur la promotion des viandes fum\u00e9es traditionnelles et des produits locaux de la commune de Montalegre. Ce programme \u00e9tait compl\u00e9t\u00e9 par des animations culturelles, des d\u00e9monstrations culinaires et des initiatives valorisant la gastronomie et les traditions locales, attirant ainsi des milliers de visiteurs.<\/p>\n<p>Parmi ces visiteurs figuraient le ministre de l&rsquo;Agriculture et de la Mer, Jos\u00e9 Manuel Fernandes, les maires des communes de la r\u00e9gion et le premier secr\u00e9taire ex\u00e9cutif intermunicipal, Ramiro Gon\u00e7alves.<\/p>\n<p>La participation du CIMAT \u00e0 cet \u00e9v\u00e9nement a permis de renforcer la visibilit\u00e9 de la r\u00e9gion, de contribuer \u00e0 positionner l&rsquo;Alto T\u00e2mega et Barroso comme destination d&rsquo;excellence et de consolider la coordination institutionnelle avec les communes et les acteurs locaux, conform\u00e9ment aux objectifs de d\u00e9veloppement durable et de coh\u00e9sion territoriale.<\/p>\n<p>Il convient \u00e9galement de noter que le CIMAT assurait simultan\u00e9ment la promotion de la r\u00e9gion de l&rsquo;Alto T\u00e2mega et Barroso sur un autre stand au salon FITUR 2026 \u2013 Salon du tourisme de Madrid.<\/p>\n","protected":false},"excerpt":{"rendered":"<p>La Communaut\u00e9 Intercommunale d&rsquo;Alto T\u00e2mega et Barroso (CIMAT) \u00e9tait pr\u00e9sente \u00e0 la 35e Foire de la Viande Fum\u00e9e de Montalegre, qui s&rsquo;est tenue du 22 au 25 janvier au Pavillon Polyvalent de Montalegre, dans le cadre de sa strat\u00e9gie de promotion et de valorisation du territoire.<\/p>\n","protected":false},"author":4,"featured_media":44474,"comment_status":"closed","ping_status":"open","sticky":false,"template":"","format":"standard","meta":[],"categories":[531],"tags":[],"_links":{"self":[{"href":"https:\/\/visitaltotamegaebarroso.pt\/fr\/wp-json\/wp\/v2\/posts\/44480"}],"collection":[{"href":"https:\/\/visitaltotamegaebarroso.pt\/fr\/wp-json\/wp\/v2\/posts"}],"about":[{"href":"https:\/\/visitaltotamegaebarroso.pt\/fr\/wp-json\/wp\/v2\/types\/post"}],"author":[{"embeddable":true,"href":"https:\/\/visitaltotamegaebarroso.pt\/fr\/wp-json\/wp\/v2\/users\/4"}],"replies":[{"embeddable":true,"href":"https:\/\/visitaltotamegaebarroso.pt\/fr\/wp-json\/wp\/v2\/comments?post=44480"}],"version-history":[{"count":0,"href":"https:\/\/visitaltotamegaebarroso.pt\/fr\/wp-json\/wp\/v2\/posts\/44480\/revisions"}],"wp:featuredmedia":[{"embeddable":true,"href":"https:\/\/visitaltotamegaebarroso.pt\/fr\/wp-json\/wp\/v2\/media\/44474"}],"wp:attachment":[{"href":"https:\/\/visitaltotamegaebarroso.pt\/fr\/wp-json\/wp\/v2\/media?parent=44480"}],"wp:term":[{"taxonomy":"category","embeddable":true,"href":"https:\/\/visitaltotamegaebarroso.pt\/fr\/wp-json\/wp\/v2\/categories?post=44480"},{"taxonomy":"post_tag","embeddable":true,"href":"https:\/\/visitaltotamegaebarroso.pt\/fr\/wp-json\/wp\/v2\/tags?post=44480"}],"curies":[{"name":"wp","href":"https:\/\/api.w.org\/{rel}","templated":true}]}}