{"id":42906,"date":"2025-11-14T15:12:57","date_gmt":"2025-11-14T15:12:57","guid":{"rendered":"https:\/\/visitaltotamegaebarroso.pt\/?p=42906"},"modified":"2025-11-14T15:16:26","modified_gmt":"2025-11-14T15:16:26","slug":"du-22-novembre-au-30-decembre-le-ptat-accueille-une-exposition-de-peintures-de-julio-ramada","status":"publish","type":"post","link":"https:\/\/visitaltotamegaebarroso.pt\/fr\/du-22-novembre-au-30-decembre-le-ptat-accueille-une-exposition-de-peintures-de-julio-ramada\/","title":{"rendered":"Du 22 novembre au 30 d\u00e9cembre | Le PTAT accueille une exposition de peintures de J\u00falio Ramada"},"content":{"rendered":"<p><strong>Du 22 novembre au 30 d\u00e9cembre 2025, l&rsquo;Office du tourisme de l&rsquo;Alto T\u00e2mega e Barroso (PTAT) accueille une exposition de peintures de l&rsquo;artiste vidaguense J\u00falio Ramada, figure de r\u00e9f\u00e9rence dans le panorama culturel de Vidago. L&rsquo;exposition rassemble un ensemble d&rsquo;\u0153uvres qui refl\u00e8tent la sensibilit\u00e9 du peintre, marqu\u00e9e par l&rsquo;exploration du paysage, de la couleur et du quotidien de la r\u00e9gion de Tr\u00e1s-os-Montes.<\/strong><br \/>\nN\u00e9 en 1954, J\u00falio Ramada a consacr\u00e9 toute sa vie \u00e0 l&rsquo;art et \u00e0 la communaut\u00e9. Pendant 40 ans, il a \u00e9t\u00e9 professeur d&rsquo;\u00e9ducation technologique \u00e0 l&rsquo;\u00e9cole secondaire Fern\u00e3o de Magalh\u00e3es, \u00e0 Chaves, influen\u00e7ant des g\u00e9n\u00e9rations d&rsquo;\u00e9l\u00e8ves et encourageant l&rsquo;expression artistique. Parall\u00e8lement, il a jou\u00e9 un r\u00f4le actif \u00e0 la Casa de Cultura de Vidago et a particip\u00e9 \u00e0 diverses initiatives culturelles locales, notamment dans le domaine du th\u00e9\u00e2tre et de la musique, en int\u00e9grant un groupe de fados du village.<br \/>\nFort d&rsquo;un parcours artistique coh\u00e9rent et de nombreuses expositions individuelles et collectives tout au long de sa carri\u00e8re, J\u00falio Ramada pr\u00e9sente aujourd&rsquo;hui au PTAT un ensemble d&rsquo;\u0153uvres qui mettent en \u00e9vidence son identit\u00e9 cr\u00e9ative et son profond attachement \u00e0 la r\u00e9gion.<br \/>\nLe PTAT, situ\u00e9 Alameda do Tabolado \u00e0 Chaves, est ouvert du lundi au dimanche, de 9 h \u00e0 18 h.<\/p>\n<p>Venez nous rendre visite !<\/p>\n","protected":false},"excerpt":{"rendered":"<p>Du 22 novembre au 30 d\u00e9cembre 2025, l&rsquo;Office du tourisme de l&rsquo;Alto T\u00e2mega e Barroso (PTAT) accueille une exposition de peintures de l&rsquo;artiste vidaguense J\u00falio Ramada, figure de r\u00e9f\u00e9rence dans le panorama culturel de Vidago. L&rsquo;exposition rassemble un ensemble d&rsquo;\u0153uvres [&hellip;]<\/p>\n","protected":false},"author":8,"featured_media":42899,"comment_status":"closed","ping_status":"open","sticky":false,"template":"","format":"standard","meta":[],"categories":[531],"tags":[],"_links":{"self":[{"href":"https:\/\/visitaltotamegaebarroso.pt\/fr\/wp-json\/wp\/v2\/posts\/42906"}],"collection":[{"href":"https:\/\/visitaltotamegaebarroso.pt\/fr\/wp-json\/wp\/v2\/posts"}],"about":[{"href":"https:\/\/visitaltotamegaebarroso.pt\/fr\/wp-json\/wp\/v2\/types\/post"}],"author":[{"embeddable":true,"href":"https:\/\/visitaltotamegaebarroso.pt\/fr\/wp-json\/wp\/v2\/users\/8"}],"replies":[{"embeddable":true,"href":"https:\/\/visitaltotamegaebarroso.pt\/fr\/wp-json\/wp\/v2\/comments?post=42906"}],"version-history":[{"count":1,"href":"https:\/\/visitaltotamegaebarroso.pt\/fr\/wp-json\/wp\/v2\/posts\/42906\/revisions"}],"predecessor-version":[{"id":42907,"href":"https:\/\/visitaltotamegaebarroso.pt\/fr\/wp-json\/wp\/v2\/posts\/42906\/revisions\/42907"}],"wp:featuredmedia":[{"embeddable":true,"href":"https:\/\/visitaltotamegaebarroso.pt\/fr\/wp-json\/wp\/v2\/media\/42899"}],"wp:attachment":[{"href":"https:\/\/visitaltotamegaebarroso.pt\/fr\/wp-json\/wp\/v2\/media?parent=42906"}],"wp:term":[{"taxonomy":"category","embeddable":true,"href":"https:\/\/visitaltotamegaebarroso.pt\/fr\/wp-json\/wp\/v2\/categories?post=42906"},{"taxonomy":"post_tag","embeddable":true,"href":"https:\/\/visitaltotamegaebarroso.pt\/fr\/wp-json\/wp\/v2\/tags?post=42906"}],"curies":[{"name":"wp","href":"https:\/\/api.w.org\/{rel}","templated":true}]}}