{"id":42011,"date":"2025-09-26T16:46:27","date_gmt":"2025-09-26T15:46:27","guid":{"rendered":"https:\/\/visitaltotamegaebarroso.pt\/du-1er-au-13-octobre-les-traditions-artisanales-font-leur-retour-avec-l-exposition-de-vannerie-au-ptat\/"},"modified":"2025-09-26T16:46:27","modified_gmt":"2025-09-26T15:46:27","slug":"du-1er-au-13-octobre-les-traditions-artisanales-font-leur-retour-avec-l-exposition-de-vannerie-au-ptat","status":"publish","type":"post","link":"https:\/\/visitaltotamegaebarroso.pt\/fr\/du-1er-au-13-octobre-les-traditions-artisanales-font-leur-retour-avec-l-exposition-de-vannerie-au-ptat\/","title":{"rendered":"Du 1er au 13 octobre | Les traditions artisanales font leur retour avec l&rsquo;\u00ab Exposition de vannerie \u00bb au PTAT"},"content":{"rendered":"<div>Du 1er au 13 octobre, l&rsquo;Office du tourisme de l&rsquo;Alto T\u00e2mega e Barroso (PTAT) ouvrira ses portes \u00e0 l&rsquo;\u00ab Exposition de vannerie \u00bb, une initiative d\u00e9velopp\u00e9e en partenariat avec l&rsquo;Association de d\u00e9veloppement de Vilar de Nantes (ADVN).<\/div>\n<div><\/div>\n<div>L&rsquo;exposition vise \u00e0 rendre hommage \u00e0 la culture populaire et aux ma\u00eetres artisans, en mettant en valeur la richesse des techniques traditionnelles de vannerie qui, au fil des si\u00e8cles, ont marqu\u00e9 l&rsquo;identit\u00e9 et la diversit\u00e9 culturelle de la r\u00e9gion. Ce sera l&rsquo;occasion pour les visiteurs et la communaut\u00e9 locale de revivre des souvenirs, de d\u00e9couvrir la beaut\u00e9 du travail manuel et de r\u00e9fl\u00e9chir \u00e0 l&rsquo;importance de la pr\u00e9servation du patrimoine immat\u00e9riel.<\/div>\n<div><\/div>\n<div>Le PTAT est ouvert du lundi au dimanche et, \u00e0 partir du mois d&rsquo;octobre, il sera ouvert de 9 h \u00e0 18 h.<\/div>\n<div><\/div>\n<div>Venez nous rendre visite.<\/div>\n","protected":false},"excerpt":{"rendered":"<p>Du 1er au 13 octobre, l&rsquo;Office du tourisme de l&rsquo;Alto T\u00e2mega e Barroso (PTAT) ouvrira ses portes \u00e0 l&rsquo;\u00ab Exposition de vannerie \u00bb, une initiative d\u00e9velopp\u00e9e en partenariat avec l&rsquo;Association de d\u00e9veloppement de Vilar de Nantes (ADVN). L&rsquo;exposition vise \u00e0 [&hellip;]<\/p>\n","protected":false},"author":7,"featured_media":41994,"comment_status":"closed","ping_status":"open","sticky":false,"template":"","format":"standard","meta":[],"categories":[531],"tags":[],"_links":{"self":[{"href":"https:\/\/visitaltotamegaebarroso.pt\/fr\/wp-json\/wp\/v2\/posts\/42011"}],"collection":[{"href":"https:\/\/visitaltotamegaebarroso.pt\/fr\/wp-json\/wp\/v2\/posts"}],"about":[{"href":"https:\/\/visitaltotamegaebarroso.pt\/fr\/wp-json\/wp\/v2\/types\/post"}],"author":[{"embeddable":true,"href":"https:\/\/visitaltotamegaebarroso.pt\/fr\/wp-json\/wp\/v2\/users\/7"}],"replies":[{"embeddable":true,"href":"https:\/\/visitaltotamegaebarroso.pt\/fr\/wp-json\/wp\/v2\/comments?post=42011"}],"version-history":[{"count":0,"href":"https:\/\/visitaltotamegaebarroso.pt\/fr\/wp-json\/wp\/v2\/posts\/42011\/revisions"}],"wp:featuredmedia":[{"embeddable":true,"href":"https:\/\/visitaltotamegaebarroso.pt\/fr\/wp-json\/wp\/v2\/media\/41994"}],"wp:attachment":[{"href":"https:\/\/visitaltotamegaebarroso.pt\/fr\/wp-json\/wp\/v2\/media?parent=42011"}],"wp:term":[{"taxonomy":"category","embeddable":true,"href":"https:\/\/visitaltotamegaebarroso.pt\/fr\/wp-json\/wp\/v2\/categories?post=42011"},{"taxonomy":"post_tag","embeddable":true,"href":"https:\/\/visitaltotamegaebarroso.pt\/fr\/wp-json\/wp\/v2\/tags?post=42011"}],"curies":[{"name":"wp","href":"https:\/\/api.w.org\/{rel}","templated":true}]}}