{"id":41792,"date":"2025-09-17T16:26:36","date_gmt":"2025-09-17T15:26:36","guid":{"rendered":"https:\/\/visitaltotamegaebarroso.pt\/loffice-du-tourisme-dalto-tamega-e-barroso-fete-ses-cinq-ans\/"},"modified":"2025-09-17T16:26:36","modified_gmt":"2025-09-17T15:26:36","slug":"loffice-du-tourisme-dalto-tamega-e-barroso-fete-ses-cinq-ans","status":"publish","type":"post","link":"https:\/\/visitaltotamegaebarroso.pt\/fr\/loffice-du-tourisme-dalto-tamega-e-barroso-fete-ses-cinq-ans\/","title":{"rendered":"L&rsquo;office du tourisme d&rsquo;Alto T\u00e2mega e Barroso f\u00eate ses cinq ans"},"content":{"rendered":"<p>Le Posto de Turismo do Alto T\u00e2mega e Barroso (PTAT) f\u00eate aujourd&rsquo;hui, 17 septembre, ses cinq ans d&rsquo;activit\u00e9 au service de la promotion touristique du territoire. Depuis son inauguration en 2020, cette infrastructure s&rsquo;est impos\u00e9e comme une v\u00e9ritable porte d&rsquo;entr\u00e9e pour ceux qui souhaitent d\u00e9couvrir les richesses patrimoniales, culturelles, gastronomiques et naturelles de cette r\u00e9gion.<br \/>\nLes chiffres parlent d&rsquo;eux-m\u00eames. \u00c0 ce jour, le PTAT a accueilli plus de 65 000 visiteurs, un chiffre significatif qui refl\u00e8te non seulement l&rsquo;attractivit\u00e9 croissante du territoire, mais aussi le r\u00f4le fondamental de cette structure dans la dynamisation du secteur touristique de l&rsquo;Alto T\u00e2mega e Barroso. Ce flux constant de visiteurs d\u00e9montre l&rsquo;importance strat\u00e9gique de l&rsquo;office en tant que point d&rsquo;information et d&rsquo;orientation touristique.<br \/>\nL&rsquo;analyse des donn\u00e9es des cinq derni\u00e8res ann\u00e9es r\u00e9v\u00e8le une tendance \u00e0 la hausse du nombre de visiteurs, en particulier pendant les p\u00e9riodes de forte demande touristique. Le patrimoine culturel et patrimonial reste la principale raison de visite, repr\u00e9sentant la part la plus importante des personnes int\u00e9ress\u00e9es qui se rendent au PTAT.<br \/>\nParall\u00e8lement, on constate une augmentation notable de la demande d&rsquo;informations sur le produit thermal, en particulier depuis l&rsquo;ouverture du complexe Aquae Sallutem, qui a enregistr\u00e9 une affluence accrue au cours de l&rsquo;ann\u00e9e derni\u00e8re. La route nationale 2 reste un produit tr\u00e8s attractif, de nombreux visiteurs venant chercher des informations et retirer leur passeport.<\/p>\n<p>En ce qui concerne la nationalit\u00e9 des visiteurs, les Portugais repr\u00e9sentent naturellement la majorit\u00e9, suivis des Espagnols et des Fran\u00e7ais, la tranche d&rsquo;\u00e2ge la plus courante \u00e9tant celle des 40-50 ans et des plus de 60 ans, un public qui appr\u00e9cie traditionnellement le tourisme culturel et patrimonial.<br \/>\nAu cours de ces cinq ann\u00e9es, le PTAT est devenu une v\u00e9ritable vitrine de la culture et des traditions locales. L&rsquo;infrastructure a accueilli de nombreuses expositions th\u00e9matiques, allant de l&rsquo;artisanat traditionnel aux festivit\u00e9s r\u00e9gionales, en passant par la gastronomie et les produits endog\u00e8nes.<br \/>\nLa programmation culturelle a \u00e9galement inclus des d\u00e9monstrations en direct de techniques artisanales, des d\u00e9gustations de produits locaux, la pr\u00e9sentation de festivals de musique et d&rsquo;\u00e9v\u00e9nements, ainsi que l&rsquo;accueil de groupes organis\u00e9s.<br \/>\nPlus qu&rsquo;un simple point d&rsquo;information touristique, le PTAT s&rsquo;est impos\u00e9 comme un \u00e9l\u00e9ment strat\u00e9gique dans la promotion du territoire, en menant \u00e9galement des actions \u00ab hors les murs \u00bb, notamment gr\u00e2ce \u00e0 la pr\u00e9sence de la Communaut\u00e9 intercommunale de l&rsquo;Alto T\u00e2mega e Barroso dans des salons nationaux et internationaux, tels que la Bolsa de Turismo de Lisboa (BTL), Xantar, INTUR et FITUR, sans oublier les salons r\u00e9gionaux du territoire lui-m\u00eame.<br \/>\nLes cinq ann\u00e9es d&rsquo;activit\u00e9 du PTAT ne repr\u00e9sentent que le d\u00e9but d&rsquo;un parcours qui s&rsquo;annonce de plus en plus prometteur. Avec un territoire riche et une demande touristique en pleine croissance, cette infrastructure continuera \u00e0 jouer un r\u00f4le central dans l&rsquo;accueil et l&rsquo;orientation des visiteurs.<\/p>\n","protected":false},"excerpt":{"rendered":"<p>L&rsquo;Office du tourisme de l&rsquo;Alto T\u00e2mega et Barroso (PTAT) f\u00eate aujourd&rsquo;hui, 17 septembre, ses cinq ans d&rsquo;activit\u00e9 au service de la promotion touristique du territoire. Depuis son inauguration en 2020, cette infrastructure s&rsquo;est impos\u00e9e comme une v\u00e9ritable porte d&rsquo;entr\u00e9e pour ceux qui souhaitent d\u00e9couvrir les richesses patrimoniales, culturelles, gastronomiques et naturelles de cette r\u00e9gion.<\/p>\n","protected":false},"author":3,"featured_media":41787,"comment_status":"closed","ping_status":"open","sticky":false,"template":"","format":"standard","meta":[],"categories":[531],"tags":[],"_links":{"self":[{"href":"https:\/\/visitaltotamegaebarroso.pt\/fr\/wp-json\/wp\/v2\/posts\/41792"}],"collection":[{"href":"https:\/\/visitaltotamegaebarroso.pt\/fr\/wp-json\/wp\/v2\/posts"}],"about":[{"href":"https:\/\/visitaltotamegaebarroso.pt\/fr\/wp-json\/wp\/v2\/types\/post"}],"author":[{"embeddable":true,"href":"https:\/\/visitaltotamegaebarroso.pt\/fr\/wp-json\/wp\/v2\/users\/3"}],"replies":[{"embeddable":true,"href":"https:\/\/visitaltotamegaebarroso.pt\/fr\/wp-json\/wp\/v2\/comments?post=41792"}],"version-history":[{"count":0,"href":"https:\/\/visitaltotamegaebarroso.pt\/fr\/wp-json\/wp\/v2\/posts\/41792\/revisions"}],"wp:featuredmedia":[{"embeddable":true,"href":"https:\/\/visitaltotamegaebarroso.pt\/fr\/wp-json\/wp\/v2\/media\/41787"}],"wp:attachment":[{"href":"https:\/\/visitaltotamegaebarroso.pt\/fr\/wp-json\/wp\/v2\/media?parent=41792"}],"wp:term":[{"taxonomy":"category","embeddable":true,"href":"https:\/\/visitaltotamegaebarroso.pt\/fr\/wp-json\/wp\/v2\/categories?post=41792"},{"taxonomy":"post_tag","embeddable":true,"href":"https:\/\/visitaltotamegaebarroso.pt\/fr\/wp-json\/wp\/v2\/tags?post=41792"}],"curies":[{"name":"wp","href":"https:\/\/api.w.org\/{rel}","templated":true}]}}