{"id":41630,"date":"2025-09-10T12:00:39","date_gmt":"2025-09-10T11:00:39","guid":{"rendered":"https:\/\/visitaltotamegaebarroso.pt\/du-10-au-17-septembre-la-fete-des-recoltes-prend-vie-au-ptat-avec-une-exposition-doutils-agricoles\/"},"modified":"2025-09-10T12:00:39","modified_gmt":"2025-09-10T11:00:39","slug":"du-10-au-17-septembre-la-fete-des-recoltes-prend-vie-au-ptat-avec-une-exposition-doutils-agricoles","status":"publish","type":"post","link":"https:\/\/visitaltotamegaebarroso.pt\/fr\/du-10-au-17-septembre-la-fete-des-recoltes-prend-vie-au-ptat-avec-une-exposition-doutils-agricoles\/","title":{"rendered":"Du 10 au 17 septembre | La f\u00eate des r\u00e9coltes prend vie au PTAT avec une exposition d&rsquo;outils agricoles"},"content":{"rendered":"<p>Le Posto de Turismo do Alto T\u00e2mega e Barroso (PTAT) accueillera, du 10 au 17 septembre, l&rsquo;exposition \u00ab Artefactos Agr\u00edcolas \u00bb (Artefacts agricoles), une initiative int\u00e9gr\u00e9e \u00e0 la promotion de la traditionnelle F\u00eate des r\u00e9coltes de Covas do Barroso, dans la commune de Boticas.<br \/>\nD\u00e9velopp\u00e9e en partenariat avec l&rsquo;Association environnementale et culturelle Celtiberus et le Boticas Parque \u2013 Natureza e Biodiversidade, l&rsquo;exposition vise \u00e0 faire d\u00e9couvrir aux visiteurs le patrimoine mat\u00e9riel et immat\u00e9riel de la paroisse de Covas do Barroso, \u00e0 travers la pr\u00e9sentation d&rsquo;outils agricoles utilis\u00e9s autrefois pour les r\u00e9coltes.<br \/>\nCette initiative sera \u00e9galement l&rsquo;occasion de faire conna\u00eetre le programme de la randonn\u00e9e \u00ab F\u00eate des r\u00e9coltes \u00bb, qui aura lieu le 4 octobre prochain et comprendra des activit\u00e9s telles que le battage, des jeux traditionnels, un march\u00e9 de produits locaux, de la musique populaire, du folklore, une visite du mus\u00e9e rural et un copieux go\u00fbter, qui r\u00e9unira la communaut\u00e9 et les visiteurs dans une ambiance conviviale et de partage.<br \/>\nLe PTAT, situ\u00e9 \u00e0 Alameda do Tabolado \u00e0 Chaves, est ouvert du lundi au dimanche, de 10 h \u00e0 19 h. Venez nous rendre visite !<\/p>\n","protected":false},"excerpt":{"rendered":"<p>Le Posto de Turismo do Alto T\u00e2mega e Barroso (PTAT) accueillera, du 10 au 17 septembre, l&rsquo;exposition \u00ab Artefactos Agr\u00edcolas \u00bb (Artefacts agricoles), une initiative int\u00e9gr\u00e9e \u00e0 la promotion de la traditionnelle F\u00eate des r\u00e9coltes de Covas do Barroso, dans [&hellip;]<\/p>\n","protected":false},"author":7,"featured_media":41625,"comment_status":"closed","ping_status":"open","sticky":false,"template":"","format":"standard","meta":[],"categories":[531],"tags":[],"_links":{"self":[{"href":"https:\/\/visitaltotamegaebarroso.pt\/fr\/wp-json\/wp\/v2\/posts\/41630"}],"collection":[{"href":"https:\/\/visitaltotamegaebarroso.pt\/fr\/wp-json\/wp\/v2\/posts"}],"about":[{"href":"https:\/\/visitaltotamegaebarroso.pt\/fr\/wp-json\/wp\/v2\/types\/post"}],"author":[{"embeddable":true,"href":"https:\/\/visitaltotamegaebarroso.pt\/fr\/wp-json\/wp\/v2\/users\/7"}],"replies":[{"embeddable":true,"href":"https:\/\/visitaltotamegaebarroso.pt\/fr\/wp-json\/wp\/v2\/comments?post=41630"}],"version-history":[{"count":0,"href":"https:\/\/visitaltotamegaebarroso.pt\/fr\/wp-json\/wp\/v2\/posts\/41630\/revisions"}],"wp:featuredmedia":[{"embeddable":true,"href":"https:\/\/visitaltotamegaebarroso.pt\/fr\/wp-json\/wp\/v2\/media\/41625"}],"wp:attachment":[{"href":"https:\/\/visitaltotamegaebarroso.pt\/fr\/wp-json\/wp\/v2\/media?parent=41630"}],"wp:term":[{"taxonomy":"category","embeddable":true,"href":"https:\/\/visitaltotamegaebarroso.pt\/fr\/wp-json\/wp\/v2\/categories?post=41630"},{"taxonomy":"post_tag","embeddable":true,"href":"https:\/\/visitaltotamegaebarroso.pt\/fr\/wp-json\/wp\/v2\/tags?post=41630"}],"curies":[{"name":"wp","href":"https:\/\/api.w.org\/{rel}","templated":true}]}}