{"id":39227,"date":"2025-06-03T16:35:27","date_gmt":"2025-06-03T15:35:27","guid":{"rendered":"https:\/\/visitaltotamegaebarroso.pt\/valpacos-accueille-la-troisieme-edition-de-laqua-wine-fest-les-27-et-28-juin\/"},"modified":"2025-06-03T16:35:27","modified_gmt":"2025-06-03T15:35:27","slug":"valpacos-accueille-la-troisieme-edition-de-laqua-wine-fest-les-27-et-28-juin","status":"publish","type":"post","link":"https:\/\/visitaltotamegaebarroso.pt\/fr\/valpacos-accueille-la-troisieme-edition-de-laqua-wine-fest-les-27-et-28-juin\/","title":{"rendered":"Valpa\u00e7os accueille la troisi\u00e8me \u00e9dition de l&rsquo;Aqua Wine Fest les 27 et 28 juin"},"content":{"rendered":"<p>La ville de Valpa\u00e7os sera \u00e0 nouveau le th\u00e9\u00e2tre de l&rsquo;Aqua Wine Fest les 27 et 28 juin, accueillant la troisi\u00e8me \u00e9dition de ce festival qui c\u00e9l\u00e8bre deux des principales ressources naturelles du territoire : le vin et l&rsquo;eau. L&rsquo;initiative, organis\u00e9e par la Communaut\u00e9 intercommunale de l&rsquo;Alto T\u00e2mega et Barroso (CIMAT), avec le soutien de la Commission r\u00e9gionale du vin de Tr\u00e1s-os-Montes (CVRTM) et de la mairie de Valpa\u00e7os, se d\u00e9roulera cette ann\u00e9e au Largo da Feira, avec une entr\u00e9e gratuite et de nombreuses nouveaut\u00e9s.<\/p>\n<p>Apr\u00e8s le succ\u00e8s des deux premi\u00e8res \u00e9ditions &#8211; la premi\u00e8re \u00e0 Valpa\u00e7os (2023) et la deuxi\u00e8me \u00e0 Chaves (2024), qui ont attir\u00e9 des milliers de visiteurs &#8211; l&rsquo;Aqua Wine Fest revient dans la municipalit\u00e9 qui l&rsquo;a vu na\u00eetre. L&rsquo;\u00e9v\u00e9nement se veut une vitrine d&rsquo;excellence pour les vins de la r\u00e9gion, ainsi que pour ses eaux.<\/p>\n<p>Plusieurs producteurs de vin, des entreprises du secteur de l&rsquo;eau, des animations musicales et, bien s\u00fbr, la gastronomie typique de la r\u00e9gion sont attendus.<\/p>\n<p>L&rsquo;Aqua Wine Fest est un \u00e9v\u00e9nement annuel qui se d\u00e9roule \u00e0 tour de r\u00f4le dans les municipalit\u00e9s de Valpa\u00e7os et de Chaves, les principaux centres viticoles de la r\u00e9gion. Il est devenu une r\u00e9f\u00e9rence en mati\u00e8re de valorisation des produits locaux, cr\u00e9ant des opportunit\u00e9s commerciales et une visibilit\u00e9 r\u00e9gionale, nationale et internationale pour les producteurs de la r\u00e9gion.<\/p>\n<p>Le programme de l&rsquo;\u00e9v\u00e9nement sera annonc\u00e9 prochainement.<\/p>\n<p>Traduit avec DeepL.com (version gratuite)<\/p>\n","protected":false},"excerpt":{"rendered":"<p>La ville de Valpa\u00e7os sera \u00e0 nouveau le th\u00e9\u00e2tre de l&rsquo;Aqua Wine Fest les 27 et 28 juin, accueillant la troisi\u00e8me \u00e9dition de ce festival qui c\u00e9l\u00e8bre deux des principales ressources naturelles du territoire : le vin et l&rsquo;eau. L&rsquo;initiative, organis\u00e9e par la Communaut\u00e9 intercommunale de l&rsquo;Alto T\u00e2mega et Barroso (CIMAT), avec le soutien de la Commission r\u00e9gionale du vin de Tr\u00e1s-os-Montes (CVRTM) et de la mairie de Valpa\u00e7os, se d\u00e9roulera cette ann\u00e9e au Largo da Feira, avec une entr\u00e9e gratuite et de nombreuses nouveaut\u00e9s.<\/p>\n","protected":false},"author":3,"featured_media":38377,"comment_status":"closed","ping_status":"open","sticky":false,"template":"","format":"standard","meta":[],"categories":[531],"tags":[],"_links":{"self":[{"href":"https:\/\/visitaltotamegaebarroso.pt\/fr\/wp-json\/wp\/v2\/posts\/39227"}],"collection":[{"href":"https:\/\/visitaltotamegaebarroso.pt\/fr\/wp-json\/wp\/v2\/posts"}],"about":[{"href":"https:\/\/visitaltotamegaebarroso.pt\/fr\/wp-json\/wp\/v2\/types\/post"}],"author":[{"embeddable":true,"href":"https:\/\/visitaltotamegaebarroso.pt\/fr\/wp-json\/wp\/v2\/users\/3"}],"replies":[{"embeddable":true,"href":"https:\/\/visitaltotamegaebarroso.pt\/fr\/wp-json\/wp\/v2\/comments?post=39227"}],"version-history":[{"count":0,"href":"https:\/\/visitaltotamegaebarroso.pt\/fr\/wp-json\/wp\/v2\/posts\/39227\/revisions"}],"wp:featuredmedia":[{"embeddable":true,"href":"https:\/\/visitaltotamegaebarroso.pt\/fr\/wp-json\/wp\/v2\/media\/38377"}],"wp:attachment":[{"href":"https:\/\/visitaltotamegaebarroso.pt\/fr\/wp-json\/wp\/v2\/media?parent=39227"}],"wp:term":[{"taxonomy":"category","embeddable":true,"href":"https:\/\/visitaltotamegaebarroso.pt\/fr\/wp-json\/wp\/v2\/categories?post=39227"},{"taxonomy":"post_tag","embeddable":true,"href":"https:\/\/visitaltotamegaebarroso.pt\/fr\/wp-json\/wp\/v2\/tags?post=39227"}],"curies":[{"name":"wp","href":"https:\/\/api.w.org\/{rel}","templated":true}]}}