{"id":12325,"date":"2023-04-18T18:21:27","date_gmt":"2023-04-18T18:21:27","guid":{"rendered":"https:\/\/visitaltotamegaebarroso.pt\/25-avril-la-pt-academy-prend-le-rythme-a-ribeira-de-pena\/"},"modified":"2023-04-18T18:21:27","modified_gmt":"2023-04-18T18:21:27","slug":"25-avril-la-pt-academy-prend-le-rythme-a-ribeira-de-pena","status":"publish","type":"post","link":"https:\/\/visitaltotamegaebarroso.pt\/fr\/25-avril-la-pt-academy-prend-le-rythme-a-ribeira-de-pena\/","title":{"rendered":"25 AVRIL | La PT Academy prend le rythme \u00e0 Ribeira de Pena"},"content":{"rendered":"<p><strong>Le 25 avril, \u00e0 11 heures, la place de la municipalit\u00e9 de Ribeira de Pena accueillera le spectacle de danse de la PT Academy. Une initiative incluse dans le projet Alto T\u00e2mega \u2013 ArtFest, avec entr\u00e9e gratuite.<\/strong><\/p>\n<p>Le projet ArtFest (NORTE-04-2114-FEDER-000455) est une initiative de la Communaut\u00e9 intercommunale d&rsquo;Alto T\u00e2mega et Barroso (CIMAT) qui pr\u00e9voit la r\u00e9alisation de 48 moments de promotion culturelle et d&rsquo;animation du territoire, impliquant de la musique et du th\u00e9\u00e2tre groupes, ranchs folkloriques et acad\u00e9mies de danse, soutenant les agents culturels de la r\u00e9gion qui ont \u00e9t\u00e9 durement touch\u00e9s par la pand\u00e9mie caus\u00e9e par le COVID-19.<\/p>\n<p>L&rsquo;objectif principal est la promotion et la valorisation touristique du patrimoine culturel d&rsquo;Alto T\u00e2mega et Barroso et, \u00e0 cette fin, il pr\u00e9sente un programme de culture en r\u00e9seau impliquant les 6 municipalit\u00e9s d&rsquo;Alto T\u00e2mega et Barroso (Boticas, Chaves, Montalegre, Ribeira de Pena, Valpa\u00e7os et Vila Pouca de Aguiar), favorisant l&rsquo;animation d&rsquo;espaces culturels (auditoriums, th\u00e9\u00e2tres, salles polyvalentes, salles polyvalentes et autres lieux de spectacles), ainsi que des mus\u00e9es municipaux ou des espaces mus\u00e9ologiques.<\/p>\n<p>Nous comptons sur votre pr\u00e9sence le mardi 25 avril, \u00e0 11 heures, sur la Pra\u00e7a do Munic\u00edpio de Ribeira de Pena.<\/p>\n<p>Vous \u00eates tous les bienvenues!<\/p>\n<p>Cofinanc\u00e9 par :<\/p>\n<p><img decoding=\"async\" loading=\"lazy\" class=\"alignleft size-medium wp-image-3640\" src=\"https:\/\/cimat.pt\/wp-content\/uploads\/2017\/05\/barra_feder-446x57.jpg\" sizes=\"(max-width: 446px) 100vw, 446px\" srcset=\"https:\/\/cimat.pt\/wp-content\/uploads\/2017\/05\/barra_feder-446x57.jpg 446w, https:\/\/cimat.pt\/wp-content\/uploads\/2017\/05\/barra_feder-768x99.jpg 768w, https:\/\/cimat.pt\/wp-content\/uploads\/2017\/05\/barra_feder-893x115.jpg 893w\" alt=\"barra de apoios feder\" width=\"446\" height=\"57\" \/><\/p>\n","protected":false},"excerpt":{"rendered":"<p>Le 25 avril, \u00e0 11 heures, la place de la municipalit\u00e9 de Ribeira de Pena accueillera le spectacle de danse de la PT Academy. Une initiative incluse dans le projet Alto T\u00e2mega \u2013 ArtFest, avec entr\u00e9e gratuite. Le projet ArtFest [&hellip;]<\/p>\n","protected":false},"author":1,"featured_media":12066,"comment_status":"closed","ping_status":"open","sticky":false,"template":"","format":"standard","meta":[],"categories":[531],"tags":[535,615,561,638,612],"_links":{"self":[{"href":"https:\/\/visitaltotamegaebarroso.pt\/fr\/wp-json\/wp\/v2\/posts\/12325"}],"collection":[{"href":"https:\/\/visitaltotamegaebarroso.pt\/fr\/wp-json\/wp\/v2\/posts"}],"about":[{"href":"https:\/\/visitaltotamegaebarroso.pt\/fr\/wp-json\/wp\/v2\/types\/post"}],"author":[{"embeddable":true,"href":"https:\/\/visitaltotamegaebarroso.pt\/fr\/wp-json\/wp\/v2\/users\/1"}],"replies":[{"embeddable":true,"href":"https:\/\/visitaltotamegaebarroso.pt\/fr\/wp-json\/wp\/v2\/comments?post=12325"}],"version-history":[{"count":0,"href":"https:\/\/visitaltotamegaebarroso.pt\/fr\/wp-json\/wp\/v2\/posts\/12325\/revisions"}],"wp:featuredmedia":[{"embeddable":true,"href":"https:\/\/visitaltotamegaebarroso.pt\/fr\/wp-json\/wp\/v2\/media\/12066"}],"wp:attachment":[{"href":"https:\/\/visitaltotamegaebarroso.pt\/fr\/wp-json\/wp\/v2\/media?parent=12325"}],"wp:term":[{"taxonomy":"category","embeddable":true,"href":"https:\/\/visitaltotamegaebarroso.pt\/fr\/wp-json\/wp\/v2\/categories?post=12325"},{"taxonomy":"post_tag","embeddable":true,"href":"https:\/\/visitaltotamegaebarroso.pt\/fr\/wp-json\/wp\/v2\/tags?post=12325"}],"curies":[{"name":"wp","href":"https:\/\/api.w.org\/{rel}","templated":true}]}}