{"id":12293,"date":"2023-05-03T14:31:15","date_gmt":"2023-05-03T14:31:15","guid":{"rendered":"https:\/\/visitaltotamegaebarroso.pt\/alto-tamega-artfest-se-termine-avec-golden-keys\/"},"modified":"2023-06-22T16:31:44","modified_gmt":"2023-06-22T16:31:44","slug":"alto-tamega-artfest-se-termine-avec-golden-keys","status":"publish","type":"post","link":"https:\/\/visitaltotamegaebarroso.pt\/fr\/alto-tamega-artfest-se-termine-avec-golden-keys\/","title":{"rendered":"Alto T\u00e2mega ArtFest se termine avec Golden Key(s)"},"content":{"rendered":"<div class=\"wpb-content-wrapper\"><p>[vc_row][vc_column][vc_column_text]<strong>Le projet Alto T\u00e2mega ArtFest, de la Communaut\u00e9 intercommunale d&rsquo;Alto T\u00e2mega et Barroso (CIMAT), s&rsquo;est achev\u00e9 le dimanche 30 avril, avec la tenue des trois derniers spectacles sur la Pra\u00e7a de Cam\u00f5es, \u00e0 Chaves, r\u00e9unissant quelques centaines de personnes.<\/strong><\/p>\n<p>Academia Dan\u00e7a D&rsquo;Aguiar, Teatro Experimental Flaviense et Grupo Musical Entrelyn se sont produits \u00e0 la fin de ce projet.<\/p>\n<p>Pendant environ un an, l&rsquo;Alto T\u00e2mega ArtFest a organis\u00e9 dans les six municipalit\u00e9s qui composent la r\u00e9gion &#8211; Boticas, Chaves, Montalegre, Ribeira de Pena, Valpa\u00e7os et Vila Pouca de Aguiar &#8211; 48 spectacles impliquant 36 groupes culturels du territoire, des compagnies de th\u00e9\u00e2tre, des acad\u00e9mies de danse, des groupes musicaux, des groupes folkloriques, des groupes de cornemuse et certains artistes qui se sont produits en solo. Au total, ces spectacles ont rassembl\u00e9 environ sept mille spectateurs.[\/vc_column_text][vc_empty_space][vc_images_carousel images=\u00a0\u00bb12114,12119,12124,12129&Prime; img_size=\u00a0\u00bbfull\u00a0\u00bb][\/vc_column][\/vc_row][vc_row][vc_column][vc_column_text]Rappelons que le projet ArtFest (NORTE-04-2114-FEDER-000455) avait pour objectif g\u00e9n\u00e9ral la promotion et la valorisation touristique du patrimoine culturel du territoire, en favorisant \u00e9galement l&rsquo;animation d&rsquo;espaces culturels (auditoriums, th\u00e9\u00e2tres, salles polyvalentes salles polyvalentes et autres lieux de spectacles), ainsi que des mus\u00e9es municipaux et des espaces mus\u00e9aux.<\/p>\n<p>Cofinanc\u00e9 par :<\/p>\n<p><img decoding=\"async\" loading=\"lazy\" class=\"alignnone wp-image-4426\" src=\"https:\/\/visitaltotamega.com\/wp-content\/uploads\/2022\/05\/logo-300x39.jpg\" alt=\"\" width=\"377\" height=\"49\" \/>[\/vc_column_text][\/vc_column][\/vc_row]<\/p>\n<\/div>","protected":false},"excerpt":{"rendered":"<p>Le projet Alto T\u00e2mega ArtFest, de la Communaut\u00e9 intercommunale d&rsquo;Alto T\u00e2mega et Barroso (CIMAT), s&rsquo;est achev\u00e9 le dimanche 30 avril, avec la tenue des trois derniers spectacles sur la Pra\u00e7a de Cam\u00f5es, \u00e0 Chaves, r\u00e9unissant quelques centaines de personnes.<\/p>\n","protected":false},"author":1,"featured_media":12116,"comment_status":"closed","ping_status":"open","sticky":false,"template":"","format":"standard","meta":[],"categories":[531],"tags":[615,613,584,611,612,614,546],"_links":{"self":[{"href":"https:\/\/visitaltotamegaebarroso.pt\/fr\/wp-json\/wp\/v2\/posts\/12293"}],"collection":[{"href":"https:\/\/visitaltotamegaebarroso.pt\/fr\/wp-json\/wp\/v2\/posts"}],"about":[{"href":"https:\/\/visitaltotamegaebarroso.pt\/fr\/wp-json\/wp\/v2\/types\/post"}],"author":[{"embeddable":true,"href":"https:\/\/visitaltotamegaebarroso.pt\/fr\/wp-json\/wp\/v2\/users\/1"}],"replies":[{"embeddable":true,"href":"https:\/\/visitaltotamegaebarroso.pt\/fr\/wp-json\/wp\/v2\/comments?post=12293"}],"version-history":[{"count":2,"href":"https:\/\/visitaltotamegaebarroso.pt\/fr\/wp-json\/wp\/v2\/posts\/12293\/revisions"}],"predecessor-version":[{"id":12295,"href":"https:\/\/visitaltotamegaebarroso.pt\/fr\/wp-json\/wp\/v2\/posts\/12293\/revisions\/12295"}],"wp:featuredmedia":[{"embeddable":true,"href":"https:\/\/visitaltotamegaebarroso.pt\/fr\/wp-json\/wp\/v2\/media\/12116"}],"wp:attachment":[{"href":"https:\/\/visitaltotamegaebarroso.pt\/fr\/wp-json\/wp\/v2\/media?parent=12293"}],"wp:term":[{"taxonomy":"category","embeddable":true,"href":"https:\/\/visitaltotamegaebarroso.pt\/fr\/wp-json\/wp\/v2\/categories?post=12293"},{"taxonomy":"post_tag","embeddable":true,"href":"https:\/\/visitaltotamegaebarroso.pt\/fr\/wp-json\/wp\/v2\/tags?post=12293"}],"curies":[{"name":"wp","href":"https:\/\/api.w.org\/{rel}","templated":true}]}}