{"id":12323,"date":"2023-04-18T18:21:27","date_gmt":"2023-04-18T18:21:27","guid":{"rendered":"https:\/\/visitaltotamegaebarroso.pt\/25-de-abril-pt-academy-lleva-ritmo-a-ribeira-de-pena\/"},"modified":"2023-04-18T18:21:27","modified_gmt":"2023-04-18T18:21:27","slug":"25-de-abril-pt-academy-lleva-ritmo-a-ribeira-de-pena","status":"publish","type":"post","link":"https:\/\/visitaltotamegaebarroso.pt\/es\/25-de-abril-pt-academy-lleva-ritmo-a-ribeira-de-pena\/","title":{"rendered":"25 DE ABRIL | PT Academy lleva ritmo a Ribeira de Pena"},"content":{"rendered":"<p><strong>El 25 de abril, a las 11 horas, la Plaza del Municipio de Ribeira de Pena acoger\u00e1 el espect\u00e1culo de danza PT Academy. Una iniciativa incluida en el proyecto Alto T\u00e2mega \u2013 ArtFest, con entrada gratuita.<\/strong><\/p>\n<p>El Proyecto ArtFest (NORTE-04-2114-FEDER-000455) es una iniciativa de la Comunidad Intermunicipal del Alto T\u00e2mega y Barroso (CIMAT) que prev\u00e9 la realizaci\u00f3n de 48 momentos de promoci\u00f3n cultural y animaci\u00f3n del territorio, involucrando musicales y teatrales agrupaciones, ranchos folcl\u00f3ricos y academias de baile, apoyando a los agentes culturales de la regi\u00f3n que se vieron fuertemente afectados por la pandemia provocada por el COVID-19.<\/p>\n<p>El objetivo principal es la promoci\u00f3n y puesta en valor tur\u00edstica del patrimonio cultural del Alto T\u00e2mega y Barroso y, para ello, presenta un programa de cultura en red en el que participan los 6 municipios del Alto T\u00e2mega y Barroso (Boticas, Chaves, Montalegre, Ribeira de Pena, Valpa\u00e7os y Vila Pouca de Aguiar), promoviendo la animaci\u00f3n de espacios culturales (auditorios, teatros, salas polivalentes, salas polivalentes y otros recintos para espect\u00e1culos), as\u00ed como museos municipales o espacios museol\u00f3gicos.<\/p>\n<p>Contamos con su presencia el martes 25 de abril, a las 11 horas, en la Pra\u00e7a do Munic\u00edpio de Ribeira de Pena.<\/p>\n<p>\u00a1Est\u00e1n todos bienvenidos!<\/p>\n<p>Cofinanciado por:<\/p>\n<p><img decoding=\"async\" loading=\"lazy\" class=\"alignleft size-medium wp-image-3640\" src=\"https:\/\/cimat.pt\/wp-content\/uploads\/2017\/05\/barra_feder-446x57.jpg\" sizes=\"(max-width: 446px) 100vw, 446px\" srcset=\"https:\/\/cimat.pt\/wp-content\/uploads\/2017\/05\/barra_feder-446x57.jpg 446w, https:\/\/cimat.pt\/wp-content\/uploads\/2017\/05\/barra_feder-768x99.jpg 768w, https:\/\/cimat.pt\/wp-content\/uploads\/2017\/05\/barra_feder-893x115.jpg 893w\" alt=\"barra de apoios feder\" width=\"446\" height=\"57\" \/><\/p>\n","protected":false},"excerpt":{"rendered":"<p>El 25 de abril, a las 11 horas, la Plaza del Municipio de Ribeira de Pena acoger\u00e1 el espect\u00e1culo de danza PT Academy. Una iniciativa incluida en el proyecto Alto T\u00e2mega \u2013 ArtFest, con entrada gratuita. El Proyecto ArtFest (NORTE-04-2114-FEDER-000455) [&hellip;]<\/p>\n","protected":false},"author":1,"featured_media":12068,"comment_status":"closed","ping_status":"open","sticky":false,"template":"","format":"standard","meta":[],"categories":[533],"tags":[539,625,575,640,622],"_links":{"self":[{"href":"https:\/\/visitaltotamegaebarroso.pt\/es\/wp-json\/wp\/v2\/posts\/12323"}],"collection":[{"href":"https:\/\/visitaltotamegaebarroso.pt\/es\/wp-json\/wp\/v2\/posts"}],"about":[{"href":"https:\/\/visitaltotamegaebarroso.pt\/es\/wp-json\/wp\/v2\/types\/post"}],"author":[{"embeddable":true,"href":"https:\/\/visitaltotamegaebarroso.pt\/es\/wp-json\/wp\/v2\/users\/1"}],"replies":[{"embeddable":true,"href":"https:\/\/visitaltotamegaebarroso.pt\/es\/wp-json\/wp\/v2\/comments?post=12323"}],"version-history":[{"count":0,"href":"https:\/\/visitaltotamegaebarroso.pt\/es\/wp-json\/wp\/v2\/posts\/12323\/revisions"}],"wp:featuredmedia":[{"embeddable":true,"href":"https:\/\/visitaltotamegaebarroso.pt\/es\/wp-json\/wp\/v2\/media\/12068"}],"wp:attachment":[{"href":"https:\/\/visitaltotamegaebarroso.pt\/es\/wp-json\/wp\/v2\/media?parent=12323"}],"wp:term":[{"taxonomy":"category","embeddable":true,"href":"https:\/\/visitaltotamegaebarroso.pt\/es\/wp-json\/wp\/v2\/categories?post=12323"},{"taxonomy":"post_tag","embeddable":true,"href":"https:\/\/visitaltotamegaebarroso.pt\/es\/wp-json\/wp\/v2\/tags?post=12323"}],"curies":[{"name":"wp","href":"https:\/\/api.w.org\/{rel}","templated":true}]}}