{"id":8882,"date":"2022-11-05T09:58:29","date_gmt":"2022-11-05T09:58:29","guid":{"rendered":"https:\/\/visitaltotamega.com\/11-de-novembro-grupo-alta-definicao-vai-animar-chaves\/"},"modified":"2023-04-02T15:30:15","modified_gmt":"2023-04-02T15:30:15","slug":"11-de-novembro-grupo-alta-definicao-vai-animar-chaves-2","status":"publish","type":"post","link":"https:\/\/visitaltotamegaebarroso.pt\/en\/11-de-novembro-grupo-alta-definicao-vai-animar-chaves-2\/","title":{"rendered":"NOVEMBER 11 | Alta Defini\u00e7\u00e3o Group will animate Chaves"},"content":{"rendered":"<p><strong>The musical group Alta Defini\u00e7\u00e3o will perform on November 11, at 21:30, in Terreiro da Madalena, Chaves, in another show inserted in the Alto T\u00e2mega ArtFest project, an initiative of the Intermunicipal Community of Alto T\u00e2mega and Barroso (CIMAT).<\/strong><\/p>\n<p>The ArtFest Project (NORTE-04-2114-FEDER-000455) foresees the realization of 48 moments of cultural promotion and animation of the territory, involving music and theater groups, folklore ranches and dance academies, supporting the cultural agents of the region that were strongly affected by the pandemic caused by COVID-19.<\/p>\n<p>The main goal is the promotion and touristic valorization of the Alto T\u00e2mega and Barroso&#8217;s cultural heritage and, for such, presents a network culture program involving the six municipalities of the region (Boticas, Chaves, Montalegre, Ribeira de Pena, Valpa\u00e7os and Vila Pouca de Aguiar), promoting the animation of cultural spaces (auditoriums, theaters, multipurpose rooms, multipurpose rooms and other performance venues), as well as municipal museums or museum spaces.<\/p>\n<p>We are counting on your presence on Friday, November 11th, at 9:30pm, in Terreiro da Madalena, Chaves. Admission is free.<br \/>\nWe are waiting for you!<\/p>\n<p>Co-financed by:<\/p>\n<p><img decoding=\"async\" loading=\"lazy\" class=\"alignleft size-medium wp-image-6198\" src=\"https:\/\/visitaltotamega.com\/wp-content\/uploads\/2022\/08\/barra_feder-768x99-3-300x39.jpg\" alt=\"\" width=\"300\" height=\"39\" \/><\/p>\n","protected":false},"excerpt":{"rendered":"<p>The musical group Alta Defini\u00e7\u00e3o will perform on November 11, at 21:30, in Terreiro da Madalena, Chaves, in another show inserted in the Alto T\u00e2mega ArtFest project, an initiative of the Intermunicipal Community of Alto T\u00e2mega and Barroso (CIMAT). The [&hellip;]<\/p>\n","protected":false},"author":1,"featured_media":7168,"comment_status":"closed","ping_status":"closed","sticky":false,"template":"","format":"standard","meta":[],"categories":[1],"tags":[],"_links":{"self":[{"href":"https:\/\/visitaltotamegaebarroso.pt\/en\/wp-json\/wp\/v2\/posts\/8882"}],"collection":[{"href":"https:\/\/visitaltotamegaebarroso.pt\/en\/wp-json\/wp\/v2\/posts"}],"about":[{"href":"https:\/\/visitaltotamegaebarroso.pt\/en\/wp-json\/wp\/v2\/types\/post"}],"author":[{"embeddable":true,"href":"https:\/\/visitaltotamegaebarroso.pt\/en\/wp-json\/wp\/v2\/users\/1"}],"replies":[{"embeddable":true,"href":"https:\/\/visitaltotamegaebarroso.pt\/en\/wp-json\/wp\/v2\/comments?post=8882"}],"version-history":[{"count":1,"href":"https:\/\/visitaltotamegaebarroso.pt\/en\/wp-json\/wp\/v2\/posts\/8882\/revisions"}],"predecessor-version":[{"id":9166,"href":"https:\/\/visitaltotamegaebarroso.pt\/en\/wp-json\/wp\/v2\/posts\/8882\/revisions\/9166"}],"wp:featuredmedia":[{"embeddable":true,"href":"https:\/\/visitaltotamegaebarroso.pt\/en\/wp-json\/wp\/v2\/media\/7168"}],"wp:attachment":[{"href":"https:\/\/visitaltotamegaebarroso.pt\/en\/wp-json\/wp\/v2\/media?parent=8882"}],"wp:term":[{"taxonomy":"category","embeddable":true,"href":"https:\/\/visitaltotamegaebarroso.pt\/en\/wp-json\/wp\/v2\/categories?post=8882"},{"taxonomy":"post_tag","embeddable":true,"href":"https:\/\/visitaltotamegaebarroso.pt\/en\/wp-json\/wp\/v2\/tags?post=8882"}],"curies":[{"name":"wp","href":"https:\/\/api.w.org\/{rel}","templated":true}]}}