{"id":8878,"date":"2022-11-02T16:24:47","date_gmt":"2022-11-02T16:24:47","guid":{"rendered":"https:\/\/visitaltotamega.com\/projeto-artfest-animou-mercado-municipal-de-vila-pouca-de-aguiar\/"},"modified":"2023-04-02T15:34:07","modified_gmt":"2023-04-02T15:34:07","slug":"projeto-artfest-animou-mercado-municipal-de-vila-pouca-de-aguiar-2","status":"publish","type":"post","link":"https:\/\/visitaltotamegaebarroso.pt\/en\/projeto-artfest-animou-mercado-municipal-de-vila-pouca-de-aguiar-2\/","title":{"rendered":"ArtFest Project animated Vila Pouca de Aguiar&#8217;s Municipal Market"},"content":{"rendered":"<p><strong>Last Saturday, October 29th, the Municipal Market of Vila Pouca de Aguiar hosted the performances of the academy Dan\u00e7a D&#8217;Aguiar and the musical group Back To The Hits, both held under the project Alto T\u00e2mega ArtFest developed by the Intermunicipal Community of Alto T\u00e2mega and Barroso (CIMAT).<\/strong><\/p>\n<p>Dan\u00e7a D&#8217;Aguiar performed during the afternoon and Back To The Hits took the stage of the Municipal Market at night, thus animating part of the aguiarense weekend.<\/p>\n\n\t\t<style type=\"text\/css\">\n\t\t\t#gallery-1 {\n\t\t\t\tmargin: auto;\n\t\t\t}\n\t\t\t#gallery-1 .gallery-item {\n\t\t\t\tfloat: left;\n\t\t\t\tmargin-top: 10px;\n\t\t\t\ttext-align: center;\n\t\t\t\twidth: 33%;\n\t\t\t}\n\t\t\t#gallery-1 img {\n\t\t\t\tborder: 2px solid #cfcfcf;\n\t\t\t}\n\t\t\t#gallery-1 .gallery-caption {\n\t\t\t\tmargin-left: 0;\n\t\t\t}\n\t\t\t\/* see gallery_shortcode() in wp-includes\/media.php *\/\n\t\t<\/style>\n\t\t<div id='gallery-1' class='gallery galleryid-8878 gallery-columns-3 gallery-size-large'><dl class='gallery-item'>\n\t\t\t<dt class='gallery-icon landscape'>\n\t\t\t\t<a href='https:\/\/visitaltotamegaebarroso.pt\/en\/home-4-slider-graphic-1-2\/'><img width=\"992\" height=\"125\" src=\"https:\/\/visitaltotamegaebarroso.pt\/wp-content\/uploads\/2017\/08\/home-4-slider-graphic-1.png\" class=\"attachment-large size-large\" alt=\"\" decoding=\"async\" loading=\"lazy\" srcset=\"https:\/\/visitaltotamegaebarroso.pt\/wp-content\/uploads\/2017\/08\/home-4-slider-graphic-1.png 992w, https:\/\/visitaltotamegaebarroso.pt\/wp-content\/uploads\/2017\/08\/home-4-slider-graphic-1-600x76.png 600w, https:\/\/visitaltotamegaebarroso.pt\/wp-content\/uploads\/2017\/08\/home-4-slider-graphic-1-300x38.png 300w, https:\/\/visitaltotamegaebarroso.pt\/wp-content\/uploads\/2017\/08\/home-4-slider-graphic-1-768x97.png 768w\" sizes=\"(max-width: 992px) 100vw, 992px\" \/><\/a>\n\t\t\t<\/dt><\/dl><dl class='gallery-item'>\n\t\t\t<dt class='gallery-icon landscape'>\n\t\t\t\t<a href='https:\/\/visitaltotamegaebarroso.pt\/en\/home-7-slider-image-1-2\/'><img width=\"1024\" height=\"400\" src=\"https:\/\/visitaltotamegaebarroso.pt\/wp-content\/uploads\/2017\/08\/home-7-slider-image-1-1024x400.jpg\" class=\"attachment-large size-large\" alt=\"\" decoding=\"async\" loading=\"lazy\" srcset=\"https:\/\/visitaltotamegaebarroso.pt\/wp-content\/uploads\/2017\/08\/home-7-slider-image-1-1024x400.jpg 1024w, https:\/\/visitaltotamegaebarroso.pt\/wp-content\/uploads\/2017\/08\/home-7-slider-image-1-600x234.jpg 600w, https:\/\/visitaltotamegaebarroso.pt\/wp-content\/uploads\/2017\/08\/home-7-slider-image-1-300x117.jpg 300w, https:\/\/visitaltotamegaebarroso.pt\/wp-content\/uploads\/2017\/08\/home-7-slider-image-1-768x300.jpg 768w, https:\/\/visitaltotamegaebarroso.pt\/wp-content\/uploads\/2017\/08\/home-7-slider-image-1-1536x600.jpg 1536w, https:\/\/visitaltotamegaebarroso.pt\/wp-content\/uploads\/2017\/08\/home-7-slider-image-1.jpg 1920w\" sizes=\"(max-width: 1024px) 100vw, 1024px\" \/><\/a>\n\t\t\t<\/dt><\/dl><dl class='gallery-item'>\n\t\t\t<dt class='gallery-icon landscape'>\n\t\t\t\t<a href='https:\/\/visitaltotamegaebarroso.pt\/en\/home-4-slider-graphic-2-2\/'><img width=\"525\" height=\"37\" src=\"https:\/\/visitaltotamegaebarroso.pt\/wp-content\/uploads\/2017\/08\/home-4-slider-graphic-2.png\" class=\"attachment-large size-large\" alt=\"\" decoding=\"async\" loading=\"lazy\" srcset=\"https:\/\/visitaltotamegaebarroso.pt\/wp-content\/uploads\/2017\/08\/home-4-slider-graphic-2.png 525w, https:\/\/visitaltotamegaebarroso.pt\/wp-content\/uploads\/2017\/08\/home-4-slider-graphic-2-300x21.png 300w\" sizes=\"(max-width: 525px) 100vw, 525px\" \/><\/a>\n\t\t\t<\/dt><\/dl><br style=\"clear: both\" \/>\n\t\t<\/div>\n\n<p>Remember that the ArtFest Project (NORTE-04-2114-FEDER-000455) has as a general objective the promotion and tourist valorization of the cultural heritage of the territory.<\/p>\n<p>For this, it presents a network culture program involving the six municipalities of Alto T\u00e2mega and Barroso (Boticas, Chaves, Montalegre, Ribeira de Pena, Valpa\u00e7os and Vila Pouca de Aguiar), promoting the animation of cultural spaces (auditoriums, theaters, multipurpose rooms, multipurpose rooms and other performance venues), as well as municipal museums and museum spaces.<\/p>\n<p>Co-financed by:<\/p>\n<p><img decoding=\"async\" loading=\"lazy\" class=\"alignleft size-medium wp-image-6198\" src=\"https:\/\/visitaltotamega.com\/wp-content\/uploads\/2022\/08\/barra_feder-768x99-3-300x39.jpg\" alt=\"\" width=\"300\" height=\"39\" \/><\/p>\n<p>&nbsp;<\/p>\n","protected":false},"excerpt":{"rendered":"<p>Last Saturday, October 29th, the Municipal Market of Vila Pouca de Aguiar hosted the performances of the academy Dan\u00e7a D&#8217;Aguiar and the musical group Back To The Hits, both held under the project Alto T\u00e2mega ArtFest developed by the Intermunicipal [&hellip;]<\/p>\n","protected":false},"author":1,"featured_media":7092,"comment_status":"closed","ping_status":"closed","sticky":false,"template":"","format":"standard","meta":[],"categories":[1],"tags":[],"_links":{"self":[{"href":"https:\/\/visitaltotamegaebarroso.pt\/en\/wp-json\/wp\/v2\/posts\/8878"}],"collection":[{"href":"https:\/\/visitaltotamegaebarroso.pt\/en\/wp-json\/wp\/v2\/posts"}],"about":[{"href":"https:\/\/visitaltotamegaebarroso.pt\/en\/wp-json\/wp\/v2\/types\/post"}],"author":[{"embeddable":true,"href":"https:\/\/visitaltotamegaebarroso.pt\/en\/wp-json\/wp\/v2\/users\/1"}],"replies":[{"embeddable":true,"href":"https:\/\/visitaltotamegaebarroso.pt\/en\/wp-json\/wp\/v2\/comments?post=8878"}],"version-history":[{"count":1,"href":"https:\/\/visitaltotamegaebarroso.pt\/en\/wp-json\/wp\/v2\/posts\/8878\/revisions"}],"predecessor-version":[{"id":9168,"href":"https:\/\/visitaltotamegaebarroso.pt\/en\/wp-json\/wp\/v2\/posts\/8878\/revisions\/9168"}],"wp:featuredmedia":[{"embeddable":true,"href":"https:\/\/visitaltotamegaebarroso.pt\/en\/wp-json\/wp\/v2\/media\/7092"}],"wp:attachment":[{"href":"https:\/\/visitaltotamegaebarroso.pt\/en\/wp-json\/wp\/v2\/media?parent=8878"}],"wp:term":[{"taxonomy":"category","embeddable":true,"href":"https:\/\/visitaltotamegaebarroso.pt\/en\/wp-json\/wp\/v2\/categories?post=8878"},{"taxonomy":"post_tag","embeddable":true,"href":"https:\/\/visitaltotamegaebarroso.pt\/en\/wp-json\/wp\/v2\/tags?post=8878"}],"curies":[{"name":"wp","href":"https:\/\/api.w.org\/{rel}","templated":true}]}}