{"id":8812,"date":"2022-08-25T19:30:49","date_gmt":"2022-08-25T19:30:49","guid":{"rendered":"https:\/\/visitaltotamega.com\/luis-pedreira-vai-animar-ecomuseu-de-barroso-no-ambito-do-artfest\/"},"modified":"2023-04-02T16:04:00","modified_gmt":"2023-04-02T16:04:00","slug":"luis-pedreira-vai-animar-ecomuseu-de-barroso-no-ambito-do-artfest-2","status":"publish","type":"post","link":"https:\/\/visitaltotamegaebarroso.pt\/en\/luis-pedreira-vai-animar-ecomuseu-de-barroso-no-ambito-do-artfest-2\/","title":{"rendered":"Lu\u00eds Pedreira to animate Ecomuseu de Barroso as part of ArtFest"},"content":{"rendered":"<p>The artist Lu\u00eds Pedreira will perform next Wednesday, August 31st, at 14h00, at Ecomuseu de Barroso, in Montalegre. A performance inserted in the project Alto T\u00e2mega &#8211; ArtFest.<\/p>\n<p>The Project ArtFest (NORTE-04-2114-FEDER-000455) is an initiative of the Intermunicipal Community of Alto T\u00e2mega (CIMAT) which foresees the realization of 48 moments of cultural promotion and animation of the territory, involving musical and theatre groups, folk dance groups and dance academies, supporting the cultural agents of the region which were strongly affected by the pandemic caused by COVID-19.<\/p>\n<p>The main objective is the promotion and touristic valorisation of the cultural patrimony of Alto T\u00e2mega being that, for such, presents a net cultural program involving the 6 municipalities of Alto T\u00e2mega (Boticas, Chaves, Montalegre, Ribeira de Pena, Valpa\u00e7os and Vila Pouca de Aguiar), promoting the animation of cultural spaces (auditoriums, theatres, multipurpose rooms, multipurpose rooms and other enclosures of shows), as well as the municipal museums or museological spaces.<\/p>\n<p>We are counting on you on 31 August, at 2pm, at the Ecomuseu de Barroso, in Montalegre.<\/p>\n<p>The entrance is free and you are all very welcome.<\/p>\n<p>We are waiting for you!<\/p>\n<p>Co-financed by:<\/p>\n<p><img decoding=\"async\" loading=\"lazy\" class=\"alignnone wp-image-6170\" src=\"https:\/\/visitaltotamega.com\/wp-content\/uploads\/2022\/08\/barra_feder-768x99-2-300x39.jpg\" alt=\"\" width=\"424\" height=\"55\" \/><\/p>\n","protected":false},"excerpt":{"rendered":"<p>The artist Lu\u00eds Pedreira will perform next Wednesday, August 31st, at 14h00, at Ecomuseu de Barroso, in Montalegre. A performance inserted in the project Alto T\u00e2mega &#8211; ArtFest. The Project ArtFest (NORTE-04-2114-FEDER-000455) is an initiative of the Intermunicipal Community of [&hellip;]<\/p>\n","protected":false},"author":1,"featured_media":0,"comment_status":"closed","ping_status":"closed","sticky":false,"template":"","format":"standard","meta":[],"categories":[1],"tags":[],"_links":{"self":[{"href":"https:\/\/visitaltotamegaebarroso.pt\/en\/wp-json\/wp\/v2\/posts\/8812"}],"collection":[{"href":"https:\/\/visitaltotamegaebarroso.pt\/en\/wp-json\/wp\/v2\/posts"}],"about":[{"href":"https:\/\/visitaltotamegaebarroso.pt\/en\/wp-json\/wp\/v2\/types\/post"}],"author":[{"embeddable":true,"href":"https:\/\/visitaltotamegaebarroso.pt\/en\/wp-json\/wp\/v2\/users\/1"}],"replies":[{"embeddable":true,"href":"https:\/\/visitaltotamegaebarroso.pt\/en\/wp-json\/wp\/v2\/comments?post=8812"}],"version-history":[{"count":1,"href":"https:\/\/visitaltotamegaebarroso.pt\/en\/wp-json\/wp\/v2\/posts\/8812\/revisions"}],"predecessor-version":[{"id":9203,"href":"https:\/\/visitaltotamegaebarroso.pt\/en\/wp-json\/wp\/v2\/posts\/8812\/revisions\/9203"}],"wp:attachment":[{"href":"https:\/\/visitaltotamegaebarroso.pt\/en\/wp-json\/wp\/v2\/media?parent=8812"}],"wp:term":[{"taxonomy":"category","embeddable":true,"href":"https:\/\/visitaltotamegaebarroso.pt\/en\/wp-json\/wp\/v2\/categories?post=8812"},{"taxonomy":"post_tag","embeddable":true,"href":"https:\/\/visitaltotamegaebarroso.pt\/en\/wp-json\/wp\/v2\/tags?post=8812"}],"curies":[{"name":"wp","href":"https:\/\/api.w.org\/{rel}","templated":true}]}}