{"id":8811,"date":"2022-08-25T19:23:53","date_gmt":"2022-08-25T19:23:53","guid":{"rendered":"https:\/\/visitaltotamega.com\/canto-do-bio-traz-maior-valorizacao-para-produtores-e-produtos-da-regiao-do-alto-tamega-e-barroso\/"},"modified":"2023-04-02T16:03:50","modified_gmt":"2023-04-02T16:03:50","slug":"canto-do-bio-traz-maior-valorizacao-para-produtores-e-produtos-da-regiao-do-alto-tamega-e-barroso-2","status":"publish","type":"post","link":"https:\/\/visitaltotamegaebarroso.pt\/en\/canto-do-bio-traz-maior-valorizacao-para-produtores-e-produtos-da-regiao-do-alto-tamega-e-barroso-2\/","title":{"rendered":"Canto do Bio&#8221; brings more value to the producers and products of Alto T\u00e2mega e Barroso region"},"content":{"rendered":"<p><strong>The Intermunicipal Community of Alto T\u00e2mega e Barroso (CIMAT) inaugurated, on the 24th of August, the &#8220;Bio Corner&#8221; at the Municipal Market of Chaves, a space born in the scope of the Bio Region of Alto T\u00e2mega e Barroso.<\/strong><\/p>\n<p>The Municipal Market has now one more stand selling products every Wednesday morning. The &#8220;Canto do Bio&#8221; was inaugurated last August 24th and in it are available several products from Alto T\u00e2mega e Barroso region certified with the organic production mode.<\/p>\n<p>&#8220;In CIMAT we can always work in three dimensions: in a dimension of capacitation, that is, it is necessary that more and more we manage to pass to our farmers ways of developing their product and that this product has a good quality, because this will allow them to generate more income in the sale; in a dimension of organization of the sector, and this has been done through this Bio Region that constitutes the six municipalities of Alto T\u00e2mega e Barroso; and, after, in the promotion. And this last one is made this way, being present in the markets in an organized way, being able this way to reach the public&#8221;, highlighted Ramiro Gon\u00e7alves, First Executive Secretary of CIMAT, adding that &#8220;the purpose of the region is the valuation of everything that is endogenous and we succeeded in sowing this same purpose valuing the producers and the products&#8221;.<\/p>\n<p>According to Nuno Vaz, Mayor of Chaves, &#8220;this is the first organic agriculture space located in the Municipal Market. And, therefore, we want here to give space and possibility of growth to what is one of the emerging areas of agriculture: organic production. We want here to create a space of direct connection so that the producers of organic products from Alto T\u00e2mega may have an experience of direct selling and may also take the opportunity to sensitize other people for this way of production&#8221;.<\/p>\n<p>Carla Alves, Regional Director of Agriculture and Fisheries of the North, referred that the organic production &#8220;is the future of the Europe&#8221;, highlighting that this stand serves as a form of &#8220;support the producer not only in the production way, but also in the commercialization way&#8221;.<\/p>\n<p>In the moment were also present, among others, Orlando Alves and David Teixeira, Mayor and Vice-Mayor of Montalegre, respectively, Paula Chaves, Town Councillor of Chaves, Isabel Torres, Town Councillor of Boticas, Anselmo Martins, First Secretary of the Municipal Assembly of Chaves, Rui Lagoa, Superior Technician of the Regional Direction of Agriculture and Fisheries of the North, and Ant\u00f3nio Montalv\u00e3o, General Secretary of ADRAT &#8211; Development Association of Alto T\u00e2mega&#8217;s Region.<\/p>\n<p>The aim is to replicate a space like this by the other five municipalities that compose the territory &#8211; Boticas, Montalegre, Ribeira de Pena, Valpa\u00e7os and Vila Pouca de Aguiar &#8211; and the month of September will bring the &#8220;1st Forum of the Bio Region of Alto T\u00e2mega and Barroso &#8211; Path to Sustainability&#8221;, scheduled for the 13th of September, in Boticas Parque &#8211; Nature and Biodiversity.<\/p>\n<p>It is recalled that CIMAT was the second Bio Region of the country, with its accession happening in 2018, being the first Intermunicipal Community to be part of this international network.<\/p>\n\n","protected":false},"excerpt":{"rendered":"<p>The Intermunicipal Community of Alto T\u00e2mega e Barroso (CIMAT) inaugurated, on the 24th of August, the &#8220;Bio Corner&#8221; at the Municipal Market of Chaves, a space born in the scope of the Bio Region of Alto T\u00e2mega e Barroso. The [&hellip;]<\/p>\n","protected":false},"author":1,"featured_media":0,"comment_status":"closed","ping_status":"closed","sticky":false,"template":"","format":"standard","meta":[],"categories":[1],"tags":[],"_links":{"self":[{"href":"https:\/\/visitaltotamegaebarroso.pt\/en\/wp-json\/wp\/v2\/posts\/8811"}],"collection":[{"href":"https:\/\/visitaltotamegaebarroso.pt\/en\/wp-json\/wp\/v2\/posts"}],"about":[{"href":"https:\/\/visitaltotamegaebarroso.pt\/en\/wp-json\/wp\/v2\/types\/post"}],"author":[{"embeddable":true,"href":"https:\/\/visitaltotamegaebarroso.pt\/en\/wp-json\/wp\/v2\/users\/1"}],"replies":[{"embeddable":true,"href":"https:\/\/visitaltotamegaebarroso.pt\/en\/wp-json\/wp\/v2\/comments?post=8811"}],"version-history":[{"count":1,"href":"https:\/\/visitaltotamegaebarroso.pt\/en\/wp-json\/wp\/v2\/posts\/8811\/revisions"}],"predecessor-version":[{"id":9201,"href":"https:\/\/visitaltotamegaebarroso.pt\/en\/wp-json\/wp\/v2\/posts\/8811\/revisions\/9201"}],"wp:attachment":[{"href":"https:\/\/visitaltotamegaebarroso.pt\/en\/wp-json\/wp\/v2\/media?parent=8811"}],"wp:term":[{"taxonomy":"category","embeddable":true,"href":"https:\/\/visitaltotamegaebarroso.pt\/en\/wp-json\/wp\/v2\/categories?post=8811"},{"taxonomy":"post_tag","embeddable":true,"href":"https:\/\/visitaltotamegaebarroso.pt\/en\/wp-json\/wp\/v2\/tags?post=8811"}],"curies":[{"name":"wp","href":"https:\/\/api.w.org\/{rel}","templated":true}]}}