{"id":8809,"date":"2022-08-25T13:34:33","date_gmt":"2022-08-25T13:34:33","guid":{"rendered":"https:\/\/visitaltotamega.com\/cim-alto-tamega-e-barroso-inaugura-espaco-bio-no-mercado-municipal-de-chaves\/"},"modified":"2023-04-02T16:03:47","modified_gmt":"2023-04-02T16:03:47","slug":"cim-alto-tamega-e-barroso-inaugura-espaco-bio-no-mercado-municipal-de-chaves-2","status":"publish","type":"post","link":"https:\/\/visitaltotamegaebarroso.pt\/en\/cim-alto-tamega-e-barroso-inaugura-espaco-bio-no-mercado-municipal-de-chaves-2\/","title":{"rendered":"CIM Alto T\u00e2mega e Barroso inaugurates &#8220;Espa\u00e7o Bio&#8221; in the Chaves Municipal Market"},"content":{"rendered":"<p><strong>The Intermunicipal Community of Alto T\u00e2mega e Barroso (CIMAT) inaugurates tomorrow, 24 August, the &#8220;Organic Space&#8221; in the Municipal Market of Alto T\u00e2mega e Barroso, in the scope of the Bio Region of Alto T\u00e2mega e Barroso.<\/strong><\/p>\n<p>Only certified organic producers of the region will be able to occupy this space, thus giving the guarantee to those who will buy the products that will be consuming them are certified and organic.<\/p>\n<p>Remember that CIMAT was the second bio region of the country, with its accession happening in 2018, being the first Intermunicipal Community to be part of this international network.<\/p>\n","protected":false},"excerpt":{"rendered":"<p>The Intermunicipal Community of Alto T\u00e2mega e Barroso (CIMAT) inaugurates tomorrow, 24 August, the &#8220;Organic Space&#8221; in the Municipal Market of Alto T\u00e2mega e Barroso, in the scope of the Bio Region of Alto T\u00e2mega e Barroso. Only certified organic [&hellip;]<\/p>\n","protected":false},"author":1,"featured_media":6144,"comment_status":"closed","ping_status":"closed","sticky":false,"template":"","format":"standard","meta":[],"categories":[1],"tags":[],"_links":{"self":[{"href":"https:\/\/visitaltotamegaebarroso.pt\/en\/wp-json\/wp\/v2\/posts\/8809"}],"collection":[{"href":"https:\/\/visitaltotamegaebarroso.pt\/en\/wp-json\/wp\/v2\/posts"}],"about":[{"href":"https:\/\/visitaltotamegaebarroso.pt\/en\/wp-json\/wp\/v2\/types\/post"}],"author":[{"embeddable":true,"href":"https:\/\/visitaltotamegaebarroso.pt\/en\/wp-json\/wp\/v2\/users\/1"}],"replies":[{"embeddable":true,"href":"https:\/\/visitaltotamegaebarroso.pt\/en\/wp-json\/wp\/v2\/comments?post=8809"}],"version-history":[{"count":1,"href":"https:\/\/visitaltotamegaebarroso.pt\/en\/wp-json\/wp\/v2\/posts\/8809\/revisions"}],"predecessor-version":[{"id":9200,"href":"https:\/\/visitaltotamegaebarroso.pt\/en\/wp-json\/wp\/v2\/posts\/8809\/revisions\/9200"}],"wp:featuredmedia":[{"embeddable":true,"href":"https:\/\/visitaltotamegaebarroso.pt\/en\/wp-json\/"}],"wp:attachment":[{"href":"https:\/\/visitaltotamegaebarroso.pt\/en\/wp-json\/wp\/v2\/media?parent=8809"}],"wp:term":[{"taxonomy":"category","embeddable":true,"href":"https:\/\/visitaltotamegaebarroso.pt\/en\/wp-json\/wp\/v2\/categories?post=8809"},{"taxonomy":"post_tag","embeddable":true,"href":"https:\/\/visitaltotamegaebarroso.pt\/en\/wp-json\/wp\/v2\/tags?post=8809"}],"curies":[{"name":"wp","href":"https:\/\/api.w.org\/{rel}","templated":true}]}}