{"id":5937,"date":"2022-08-05T15:51:22","date_gmt":"2022-08-05T15:51:22","guid":{"rendered":"https:\/\/visitaltotamega.com\/concerto-da-banda-musical-de-parafita-em-boticas\/"},"modified":"2023-04-02T16:08:03","modified_gmt":"2023-04-02T16:08:03","slug":"concerto-da-banda-musical-de-parafita-em-boticas","status":"publish","type":"post","link":"https:\/\/visitaltotamegaebarroso.pt\/en\/concerto-da-banda-musical-de-parafita-em-boticas\/","title":{"rendered":"Concert by Parafita Musical Band in Boticas"},"content":{"rendered":"<p><strong>The Parafita&#8217;s Musical Band will present the show entitled: &#8220;Barroso World Heritage&#8221;, next August 11th, at Pra\u00e7a do Munic\u00edpio, in Boticas, under the CulturAT Project &#8211; Touristic Promotion of Alto T\u00e2mega through Culture.<\/strong><\/p>\n<p>This is an initiative of the Intermunicipal Community of Alto T\u00e2mega (CIMAT), in partnership with the Municipality of Ribeira de Pena and the Ecomuseu &#8211; Associa\u00e7\u00e3o de Barroso.<br \/>\nThe project resulted from an application presented to the NORTE 14-2020-25 &#8211; &#8220;Cultural Heritage &#8211; Cultural Programming in Network&#8221;, and has as specific objective to promote the dynamization, promotion and development of the cultural heritage, as a tool of differentiation and competitiveness of Alto T\u00e2mega&#8217;s territory and, at the same time, to support the companies of the culture sector of the region.<\/p>\n<p>We count with your presence, on 11th August, at 21h30, in Pra\u00e7a do Munic\u00edpio, in Boticas.<br \/>\nThe entrance is free and you are all very welcome.<\/p>\n<p>We are waiting for you!<\/p>\n<p>Confined by:<\/p>\n<p><img decoding=\"async\" loading=\"lazy\" class=\"alignnone wp-image-3956\" src=\"https:\/\/visitaltotamega.com\/wp-content\/uploads\/2022\/04\/norte_2020-300x42.jpg\" alt=\"\" width=\"507\" height=\"71\" \/><\/p>\n<p>&nbsp;<\/p>\n","protected":false},"excerpt":{"rendered":"<p>The Parafita&#8217;s Musical Band will present the show entitled: &#8220;Barroso World Heritage&#8221;, next August 11th, at Pra\u00e7a do Munic\u00edpio, in Boticas, under the CulturAT Project &#8211; Touristic Promotion of Alto T\u00e2mega through Culture. This is an initiative of the Intermunicipal [&hellip;]<\/p>\n","protected":false},"author":1,"featured_media":5932,"comment_status":"closed","ping_status":"closed","sticky":false,"template":"","format":"standard","meta":[],"categories":[1],"tags":[],"_links":{"self":[{"href":"https:\/\/visitaltotamegaebarroso.pt\/en\/wp-json\/wp\/v2\/posts\/5937"}],"collection":[{"href":"https:\/\/visitaltotamegaebarroso.pt\/en\/wp-json\/wp\/v2\/posts"}],"about":[{"href":"https:\/\/visitaltotamegaebarroso.pt\/en\/wp-json\/wp\/v2\/types\/post"}],"author":[{"embeddable":true,"href":"https:\/\/visitaltotamegaebarroso.pt\/en\/wp-json\/wp\/v2\/users\/1"}],"replies":[{"embeddable":true,"href":"https:\/\/visitaltotamegaebarroso.pt\/en\/wp-json\/wp\/v2\/comments?post=5937"}],"version-history":[{"count":1,"href":"https:\/\/visitaltotamegaebarroso.pt\/en\/wp-json\/wp\/v2\/posts\/5937\/revisions"}],"predecessor-version":[{"id":9207,"href":"https:\/\/visitaltotamegaebarroso.pt\/en\/wp-json\/wp\/v2\/posts\/5937\/revisions\/9207"}],"wp:featuredmedia":[{"embeddable":true,"href":"https:\/\/visitaltotamegaebarroso.pt\/en\/wp-json\/"}],"wp:attachment":[{"href":"https:\/\/visitaltotamegaebarroso.pt\/en\/wp-json\/wp\/v2\/media?parent=5937"}],"wp:term":[{"taxonomy":"category","embeddable":true,"href":"https:\/\/visitaltotamegaebarroso.pt\/en\/wp-json\/wp\/v2\/categories?post=5937"},{"taxonomy":"post_tag","embeddable":true,"href":"https:\/\/visitaltotamegaebarroso.pt\/en\/wp-json\/wp\/v2\/tags?post=5937"}],"curies":[{"name":"wp","href":"https:\/\/api.w.org\/{rel}","templated":true}]}}