{"id":5905,"date":"2022-08-03T15:45:05","date_gmt":"2022-08-03T15:45:05","guid":{"rendered":"https:\/\/visitaltotamega.com\/artfest-mais-de-3-centenas-de-pessoas-em-noite-de-espetaculos-em-vila-pouca-de-aguiar\/"},"modified":"2023-04-02T16:06:43","modified_gmt":"2023-04-02T16:06:43","slug":"artfest-mais-de-3-centenas-de-pessoas-em-noite-de-espetaculos-em-vila-pouca-de-aguiar","status":"publish","type":"post","link":"https:\/\/visitaltotamegaebarroso.pt\/en\/artfest-mais-de-3-centenas-de-pessoas-em-noite-de-espetaculos-em-vila-pouca-de-aguiar\/","title":{"rendered":"ARTFEST | Over 3 hundred people in a night of shows in Vila Pouca de Aguiar"},"content":{"rendered":"<p>More than 300 people attended the shows that took place last night, August 2nd, in Vila Pouca de Aguiar, in the scope of the ArtFest Project.<\/p>\n<p>The kick-off was given by the Town Councillor of Vila Pouca de Aguiar, Ana Rita Dias, who did the honours of the house and opened the night.<\/p>\n<p>The evening started with a dance show, performed by PT Academy, at Lu\u00eds de Cam\u00f5es Square, followed by the performance of the Grupo Musical Norte, at Jo\u00e3o Paulo II Square. The presence of many emigrants who at this time of year return to the land of their birth and of other people from the neighbouring villages should be noted.<\/p>\n<p>&nbsp;<\/p>\n\n<p>We remind that the Project ArtFest (NORTE-04-2114-FEDER-000455) is promoted by CIMAT and has as general objective the promotion and touristic valorisation of the cultural patrimony of Alto T\u00e2mega.<\/p>\n<p>For such, it presents a programme of network culture involving the 6 municipalities of Alto T\u00e2mega (Boticas, Chaves, Montalegre, Ribeira de Pena, Valpa\u00e7os and Vila Pouca de Aguiar), promoting the animation of cultural spaces (auditoriums, theatres, multipurpose rooms, multipurpose rooms and other enclosures of shows), as well as the municipal museums and museological spaces.<\/p>\n<p>&nbsp;<\/p>\n<p>Cofinanciado por:<\/p>\n<p><img decoding=\"async\" loading=\"lazy\" class=\"alignnone size-medium wp-image-4569\" src=\"https:\/\/visitaltotamega.com\/wp-content\/uploads\/2022\/06\/cofinanciado-300x59.jpg\" alt=\"\" width=\"300\" height=\"59\" \/><\/p>\n","protected":false},"excerpt":{"rendered":"<p>More than 300 people attended the shows that took place last night, August 2nd, in Vila Pouca de Aguiar, in the scope of the ArtFest Project. The kick-off was given by the Town Councillor of Vila Pouca de Aguiar, Ana [&hellip;]<\/p>\n","protected":false},"author":1,"featured_media":5897,"comment_status":"closed","ping_status":"closed","sticky":false,"template":"","format":"standard","meta":[],"categories":[1],"tags":[],"_links":{"self":[{"href":"https:\/\/visitaltotamegaebarroso.pt\/en\/wp-json\/wp\/v2\/posts\/5905"}],"collection":[{"href":"https:\/\/visitaltotamegaebarroso.pt\/en\/wp-json\/wp\/v2\/posts"}],"about":[{"href":"https:\/\/visitaltotamegaebarroso.pt\/en\/wp-json\/wp\/v2\/types\/post"}],"author":[{"embeddable":true,"href":"https:\/\/visitaltotamegaebarroso.pt\/en\/wp-json\/wp\/v2\/users\/1"}],"replies":[{"embeddable":true,"href":"https:\/\/visitaltotamegaebarroso.pt\/en\/wp-json\/wp\/v2\/comments?post=5905"}],"version-history":[{"count":1,"href":"https:\/\/visitaltotamegaebarroso.pt\/en\/wp-json\/wp\/v2\/posts\/5905\/revisions"}],"predecessor-version":[{"id":9205,"href":"https:\/\/visitaltotamegaebarroso.pt\/en\/wp-json\/wp\/v2\/posts\/5905\/revisions\/9205"}],"wp:featuredmedia":[{"embeddable":true,"href":"https:\/\/visitaltotamegaebarroso.pt\/en\/wp-json\/"}],"wp:attachment":[{"href":"https:\/\/visitaltotamegaebarroso.pt\/en\/wp-json\/wp\/v2\/media?parent=5905"}],"wp:term":[{"taxonomy":"category","embeddable":true,"href":"https:\/\/visitaltotamegaebarroso.pt\/en\/wp-json\/wp\/v2\/categories?post=5905"},{"taxonomy":"post_tag","embeddable":true,"href":"https:\/\/visitaltotamegaebarroso.pt\/en\/wp-json\/wp\/v2\/tags?post=5905"}],"curies":[{"name":"wp","href":"https:\/\/api.w.org\/{rel}","templated":true}]}}