{"id":5379,"date":"2022-07-15T15:46:18","date_gmt":"2022-07-15T15:46:18","guid":{"rendered":"https:\/\/visitaltotamega.com\/21-de-julho-grupo-alta-definicao-prepara-concerto-em-boticas\/"},"modified":"2023-04-02T16:16:57","modified_gmt":"2023-04-02T16:16:57","slug":"21-de-julho-grupo-alta-definicao-prepara-concerto-em-boticas-2","status":"publish","type":"post","link":"https:\/\/visitaltotamegaebarroso.pt\/en\/21-de-julho-grupo-alta-definicao-prepara-concerto-em-boticas-2\/","title":{"rendered":"21 DE JULY | Group &#8220;Alta Defini\u00e7\u00e3o&#8221; preparing a Concert in Boticas"},"content":{"rendered":"<p><strong>The Group Alta Defini\u00e7\u00e3o will perform on July 21, at 21h30, at the Pra\u00e7a do Munic\u00edpio in Boticas, in the Alto T\u00e2mega &#8211; ArtFest Project. We count with you!<\/strong><\/p>\n<p>The Project ArtFest (NORTE-04-2114-FEDER-000455) is an initiative of the Intermunicipal Community of Alto T\u00e2mega (CIMAT) which foresees the realization of 48 moments of cultural promotion and animation of the territory, involving musical and theatre groups, folk dance groups and dance academies, supporting the cultural agents of the region which were strongly affected by the pandemic caused by COVID-19.<\/p>\n<p>The main objective is the promotion and touristic valorization of the cultural patrimony of Alto T\u00e2mega being that, for such, presents a net cultural program involving the 6 municipalities of Alto T\u00e2mega (Boticas, Chaves, Montalegre, Ribeira de Pena, Valpa\u00e7os e Vila Pouca de Aguiar), promoting the animation of cultural spaces (auditoriums, theatres, multipurpose rooms, multipurpose rooms and other enclosures of shows), as well as the municipal museums or museological spaces.<\/p>\n<p>We are counting on your presence, on July 21st, at 9:30 pm, at Pra\u00e7a do Munic\u00edpio in Boticas.<\/p>\n<p>You are all very welcome.<\/p>\n<p>We are waiting for you!<\/p>\n<p>Co-financed by:<\/p>\n<p><img decoding=\"async\" loading=\"lazy\" class=\"alignnone wp-image-3956\" src=\"https:\/\/visitaltotamega.com\/wp-content\/uploads\/2022\/04\/norte_2020-300x42.jpg\" alt=\"\" width=\"443\" height=\"62\" \/><\/p>\n","protected":false},"excerpt":{"rendered":"<p>The Group Alta Defini\u00e7\u00e3o will perform on July 21, at 21h30, at the Pra\u00e7a do Munic\u00edpio in Boticas, in the Alto T\u00e2mega &#8211; ArtFest Project. We count with you! The Project ArtFest (NORTE-04-2114-FEDER-000455) is an initiative of the Intermunicipal Community [&hellip;]<\/p>\n","protected":false},"author":1,"featured_media":5377,"comment_status":"closed","ping_status":"closed","sticky":false,"template":"","format":"standard","meta":[],"categories":[1],"tags":[],"_links":{"self":[{"href":"https:\/\/visitaltotamegaebarroso.pt\/en\/wp-json\/wp\/v2\/posts\/5379"}],"collection":[{"href":"https:\/\/visitaltotamegaebarroso.pt\/en\/wp-json\/wp\/v2\/posts"}],"about":[{"href":"https:\/\/visitaltotamegaebarroso.pt\/en\/wp-json\/wp\/v2\/types\/post"}],"author":[{"embeddable":true,"href":"https:\/\/visitaltotamegaebarroso.pt\/en\/wp-json\/wp\/v2\/users\/1"}],"replies":[{"embeddable":true,"href":"https:\/\/visitaltotamegaebarroso.pt\/en\/wp-json\/wp\/v2\/comments?post=5379"}],"version-history":[{"count":1,"href":"https:\/\/visitaltotamegaebarroso.pt\/en\/wp-json\/wp\/v2\/posts\/5379\/revisions"}],"predecessor-version":[{"id":9223,"href":"https:\/\/visitaltotamegaebarroso.pt\/en\/wp-json\/wp\/v2\/posts\/5379\/revisions\/9223"}],"wp:featuredmedia":[{"embeddable":true,"href":"https:\/\/visitaltotamegaebarroso.pt\/en\/wp-json\/"}],"wp:attachment":[{"href":"https:\/\/visitaltotamegaebarroso.pt\/en\/wp-json\/wp\/v2\/media?parent=5379"}],"wp:term":[{"taxonomy":"category","embeddable":true,"href":"https:\/\/visitaltotamegaebarroso.pt\/en\/wp-json\/wp\/v2\/categories?post=5379"},{"taxonomy":"post_tag","embeddable":true,"href":"https:\/\/visitaltotamegaebarroso.pt\/en\/wp-json\/wp\/v2\/tags?post=5379"}],"curies":[{"name":"wp","href":"https:\/\/api.w.org\/{rel}","templated":true}]}}