{"id":42904,"date":"2025-11-14T15:12:57","date_gmt":"2025-11-14T15:12:57","guid":{"rendered":"https:\/\/visitaltotamegaebarroso.pt\/?p=42904"},"modified":"2025-11-14T15:15:08","modified_gmt":"2025-11-14T15:15:08","slug":"22-november-to-30-december-ptat-hosts-painting-exhibition-by-julio-ramada","status":"publish","type":"post","link":"https:\/\/visitaltotamegaebarroso.pt\/en\/22-november-to-30-december-ptat-hosts-painting-exhibition-by-julio-ramada\/","title":{"rendered":"22 November to 30 December | PTAT hosts painting exhibition by J\u00falio Ramada"},"content":{"rendered":"<p>From 22 November to 30 December 2025, the Alto T\u00e2mega and Barroso Tourist Office (PTAT) will host an exhibition of paintings by Vidago artist J\u00falio Ramada, a leading figure in the cultural scene of Vidago. The exhibition brings together a collection of works that reflect the painter&#8217;s sensibility, marked by his exploration of the landscape, colour and everyday life in Tr\u00e1s-os-Montes.<br \/>\nBorn in 1954, J\u00falio Ramada has dedicated his entire life to art and the community. For 40 years, he was a technology teacher at Fern\u00e3o de Magalh\u00e3es Secondary School in Chaves, influencing generations of students and promoting artistic expression. At the same time, he played an active role in the Vidago Cultural Centre and participated in various local cultural initiatives, including theatre and music, as a member of a local fado group.<br \/>\nWith a consistent artistic career and several solo and group exhibitions throughout his career, J\u00falio Ramada now presents at PTAT a collection of works that highlight his creative identity and deep connection to the region.<br \/>\nPTAT, located on Alameda do Tabolado in Chaves, is open Monday to Sunday, from 9 a.m. to 6 p.m.<\/p>\n<p>Come visit us!<\/p>\n","protected":false},"excerpt":{"rendered":"<p>From 22 November to 30 December 2025, the Alto T\u00e2mega and Barroso Tourist Office (PTAT) will host an exhibition of paintings by Vidago artist J\u00falio Ramada, a leading figure in the cultural scene of Vidago. The exhibition brings together a [&hellip;]<\/p>\n","protected":false},"author":8,"featured_media":42898,"comment_status":"closed","ping_status":"open","sticky":false,"template":"","format":"standard","meta":[],"categories":[349],"tags":[],"_links":{"self":[{"href":"https:\/\/visitaltotamegaebarroso.pt\/en\/wp-json\/wp\/v2\/posts\/42904"}],"collection":[{"href":"https:\/\/visitaltotamegaebarroso.pt\/en\/wp-json\/wp\/v2\/posts"}],"about":[{"href":"https:\/\/visitaltotamegaebarroso.pt\/en\/wp-json\/wp\/v2\/types\/post"}],"author":[{"embeddable":true,"href":"https:\/\/visitaltotamegaebarroso.pt\/en\/wp-json\/wp\/v2\/users\/8"}],"replies":[{"embeddable":true,"href":"https:\/\/visitaltotamegaebarroso.pt\/en\/wp-json\/wp\/v2\/comments?post=42904"}],"version-history":[{"count":1,"href":"https:\/\/visitaltotamegaebarroso.pt\/en\/wp-json\/wp\/v2\/posts\/42904\/revisions"}],"predecessor-version":[{"id":42905,"href":"https:\/\/visitaltotamegaebarroso.pt\/en\/wp-json\/wp\/v2\/posts\/42904\/revisions\/42905"}],"wp:featuredmedia":[{"embeddable":true,"href":"https:\/\/visitaltotamegaebarroso.pt\/en\/wp-json\/wp\/v2\/media\/42898"}],"wp:attachment":[{"href":"https:\/\/visitaltotamegaebarroso.pt\/en\/wp-json\/wp\/v2\/media?parent=42904"}],"wp:term":[{"taxonomy":"category","embeddable":true,"href":"https:\/\/visitaltotamegaebarroso.pt\/en\/wp-json\/wp\/v2\/categories?post=42904"},{"taxonomy":"post_tag","embeddable":true,"href":"https:\/\/visitaltotamegaebarroso.pt\/en\/wp-json\/wp\/v2\/tags?post=42904"}],"curies":[{"name":"wp","href":"https:\/\/api.w.org\/{rel}","templated":true}]}}