{"id":12326,"date":"2023-04-18T18:21:27","date_gmt":"2023-04-18T18:21:27","guid":{"rendered":"https:\/\/visitaltotamegaebarroso.pt\/april-25-pt-academy-takes-rhythm-to-ribeira-de-pena\/"},"modified":"2023-04-18T18:21:27","modified_gmt":"2023-04-18T18:21:27","slug":"april-25-pt-academy-takes-rhythm-to-ribeira-de-pena","status":"publish","type":"post","link":"https:\/\/visitaltotamegaebarroso.pt\/en\/april-25-pt-academy-takes-rhythm-to-ribeira-de-pena\/","title":{"rendered":"APRIL 25 | PT Academy takes rhythm to Ribeira de Pena"},"content":{"rendered":"<p><strong>On the 25th of April, at 11 am, the Ribeira de Pena Municipality Square will host the PT Academy dance show. An initiative included in the Alto T\u00e2mega \u2013 ArtFest project, with free entry.<\/strong><\/p>\n<p>The ArtFest Project (NORTE-04-2114-FEDER-000455) is an initiative of the Intermunicipal Community of Alto T\u00e2mega and Barroso (CIMAT) that foresees the realization of 48 moments of cultural promotion and animation of the territory, involving musical and theater groups, folkloric ranches and dance academies, supporting cultural agents in the region who were heavily affected by the pandemic caused by COVID-19.<\/p>\n<p>The main objective is the promotion and tourist enhancement of the cultural heritage of Alto T\u00e2mega and Barroso and, to this end, it presents a cultural network program involving the 6 municipalities of Alto T\u00e2mega and Barroso (Boticas, Chaves, Montalegre, Ribeira de Pena, Valpa\u00e7os and Vila Pouca de Aguiar), promoting the animation of cultural spaces (auditoriums, theatres, multipurpose rooms, multipurpose rooms and other venues for shows), as well as municipal museums or museological spaces.<\/p>\n<p>We count on your presence on Tuesday, April 25th, at 11 am, in Pra\u00e7a do Munic\u00edpio de Ribeira de Pena.<\/p>\n<p>You are all very welcome!<\/p>\n<p>Co-funded by:<\/p>\n<p><img decoding=\"async\" loading=\"lazy\" class=\"alignleft size-medium wp-image-3640\" src=\"https:\/\/cimat.pt\/wp-content\/uploads\/2017\/05\/barra_feder-446x57.jpg\" sizes=\"(max-width: 446px) 100vw, 446px\" srcset=\"https:\/\/cimat.pt\/wp-content\/uploads\/2017\/05\/barra_feder-446x57.jpg 446w, https:\/\/cimat.pt\/wp-content\/uploads\/2017\/05\/barra_feder-768x99.jpg 768w, https:\/\/cimat.pt\/wp-content\/uploads\/2017\/05\/barra_feder-893x115.jpg 893w\" alt=\"barra de apoios feder\" width=\"446\" height=\"57\" \/><\/p>\n","protected":false},"excerpt":{"rendered":"<p>On the 25th of April, at 11 am, the Ribeira de Pena Municipality Square will host the PT Academy dance show. An initiative included in the Alto T\u00e2mega \u2013 ArtFest project, with free entry. The ArtFest Project (NORTE-04-2114-FEDER-000455) is an [&hellip;]<\/p>\n","protected":false},"author":1,"featured_media":12065,"comment_status":"closed","ping_status":"open","sticky":false,"template":"","format":"standard","meta":[],"categories":[349],"tags":[350,610,353,641,607],"_links":{"self":[{"href":"https:\/\/visitaltotamegaebarroso.pt\/en\/wp-json\/wp\/v2\/posts\/12326"}],"collection":[{"href":"https:\/\/visitaltotamegaebarroso.pt\/en\/wp-json\/wp\/v2\/posts"}],"about":[{"href":"https:\/\/visitaltotamegaebarroso.pt\/en\/wp-json\/wp\/v2\/types\/post"}],"author":[{"embeddable":true,"href":"https:\/\/visitaltotamegaebarroso.pt\/en\/wp-json\/wp\/v2\/users\/1"}],"replies":[{"embeddable":true,"href":"https:\/\/visitaltotamegaebarroso.pt\/en\/wp-json\/wp\/v2\/comments?post=12326"}],"version-history":[{"count":0,"href":"https:\/\/visitaltotamegaebarroso.pt\/en\/wp-json\/wp\/v2\/posts\/12326\/revisions"}],"wp:featuredmedia":[{"embeddable":true,"href":"https:\/\/visitaltotamegaebarroso.pt\/en\/wp-json\/wp\/v2\/media\/12065"}],"wp:attachment":[{"href":"https:\/\/visitaltotamegaebarroso.pt\/en\/wp-json\/wp\/v2\/media?parent=12326"}],"wp:term":[{"taxonomy":"category","embeddable":true,"href":"https:\/\/visitaltotamegaebarroso.pt\/en\/wp-json\/wp\/v2\/categories?post=12326"},{"taxonomy":"post_tag","embeddable":true,"href":"https:\/\/visitaltotamegaebarroso.pt\/en\/wp-json\/wp\/v2\/tags?post=12326"}],"curies":[{"name":"wp","href":"https:\/\/api.w.org\/{rel}","templated":true}]}}