{"id":12290,"date":"2023-05-03T14:31:15","date_gmt":"2023-05-03T14:31:15","guid":{"rendered":"https:\/\/visitaltotamegaebarroso.pt\/alto-tamega-artfest-closes-with-golden-keys\/"},"modified":"2023-06-22T16:30:31","modified_gmt":"2023-06-22T16:30:31","slug":"alto-tamega-artfest-closes-with-golden-keys","status":"publish","type":"post","link":"https:\/\/visitaltotamegaebarroso.pt\/en\/alto-tamega-artfest-closes-with-golden-keys\/","title":{"rendered":"Alto T\u00e2mega ArtFest closes with Golden Key(s)"},"content":{"rendered":"<div class=\"wpb-content-wrapper\"><p>[vc_row][vc_column][vc_column_text]<strong>The Alto T\u00e2mega ArtFest project, by the Intermunicipal Community of Alto T\u00e2mega and Barroso (CIMAT), ended on Sunday, April 30, with the holding of the last three shows at Pra\u00e7a de Cam\u00f5es, in Chaves, bringing together a few hundred people .<\/strong><\/p>\n<p>Academia Dan\u00e7a D\u2019Aguiar, Teatro Experimental Flaviense and Grupo Musical Entrelynhas performed at the end of this project.<\/p>\n<p>Over about a year, the Alto T\u00e2mega ArtFest took to the six municipalities that make up the region \u2013 Boticas, Chaves, Montalegre, Ribeira de Pena, Valpa\u00e7os and Vila Pouca de Aguiar \u2013 48 shows involving 36 cultural groups from the territory, from companies of theater, dance academies, musical groups, folk groups, bagpipe groups and some artists who performed solo. The total of these shows accounted for around seven thousand spectators.[\/vc_column_text][vc_empty_space][vc_images_carousel images=&#8221;12114,12119,12124,12129&#8243; img_size=&#8221;full&#8221;][\/vc_column][\/vc_row][vc_row][vc_column][vc_column_text]It should be remembered that the ArtFest Project (NORTE-04-2114-FEDER-000455) had as its general objective the promotion and tourist enhancement of the cultural heritage of the territory, also promoting the animation of cultural spaces (auditoriums, theaters, multipurpose rooms, multipurpose rooms and other venues for shows), as well as municipal museums and museum spaces.<\/p>\n<p>&nbsp;<\/p>\n<p>Co-funded by:<\/p>\n<p><img decoding=\"async\" loading=\"lazy\" class=\"alignnone wp-image-4426\" src=\"https:\/\/visitaltotamega.com\/wp-content\/uploads\/2022\/05\/logo-300x39.jpg\" alt=\"\" width=\"377\" height=\"49\" \/>[\/vc_column_text][\/vc_column][\/vc_row]<\/p>\n<\/div>","protected":false},"excerpt":{"rendered":"<p>The Alto T\u00e2mega ArtFest project, by the Intermunicipal Community of Alto T\u00e2mega and Barroso (CIMAT), ended on Sunday, April 30, with the holding of the last three shows at Pra\u00e7a de Cam\u00f5es, in Chaves, bringing together a few hundred people .<\/p>\n","protected":false},"author":1,"featured_media":12115,"comment_status":"closed","ping_status":"open","sticky":false,"template":"","format":"standard","meta":[],"categories":[349],"tags":[610,608,582,606,607,609,541],"_links":{"self":[{"href":"https:\/\/visitaltotamegaebarroso.pt\/en\/wp-json\/wp\/v2\/posts\/12290"}],"collection":[{"href":"https:\/\/visitaltotamegaebarroso.pt\/en\/wp-json\/wp\/v2\/posts"}],"about":[{"href":"https:\/\/visitaltotamegaebarroso.pt\/en\/wp-json\/wp\/v2\/types\/post"}],"author":[{"embeddable":true,"href":"https:\/\/visitaltotamegaebarroso.pt\/en\/wp-json\/wp\/v2\/users\/1"}],"replies":[{"embeddable":true,"href":"https:\/\/visitaltotamegaebarroso.pt\/en\/wp-json\/wp\/v2\/comments?post=12290"}],"version-history":[{"count":2,"href":"https:\/\/visitaltotamegaebarroso.pt\/en\/wp-json\/wp\/v2\/posts\/12290\/revisions"}],"predecessor-version":[{"id":12292,"href":"https:\/\/visitaltotamegaebarroso.pt\/en\/wp-json\/wp\/v2\/posts\/12290\/revisions\/12292"}],"wp:featuredmedia":[{"embeddable":true,"href":"https:\/\/visitaltotamegaebarroso.pt\/en\/wp-json\/wp\/v2\/media\/12115"}],"wp:attachment":[{"href":"https:\/\/visitaltotamegaebarroso.pt\/en\/wp-json\/wp\/v2\/media?parent=12290"}],"wp:term":[{"taxonomy":"category","embeddable":true,"href":"https:\/\/visitaltotamegaebarroso.pt\/en\/wp-json\/wp\/v2\/categories?post=12290"},{"taxonomy":"post_tag","embeddable":true,"href":"https:\/\/visitaltotamegaebarroso.pt\/en\/wp-json\/wp\/v2\/tags?post=12290"}],"curies":[{"name":"wp","href":"https:\/\/api.w.org\/{rel}","templated":true}]}}