{"id":42908,"date":"2025-11-14T15:12:57","date_gmt":"2025-11-14T15:12:57","guid":{"rendered":"https:\/\/visitaltotamegaebarroso.pt\/?p=42908"},"modified":"2025-11-14T15:35:03","modified_gmt":"2025-11-14T15:35:03","slug":"22-november-bis-30-dezember-ptat-zeigt-gemaeldeausstellung-von-julio-ramada","status":"publish","type":"post","link":"https:\/\/visitaltotamegaebarroso.pt\/de\/22-november-bis-30-dezember-ptat-zeigt-gemaeldeausstellung-von-julio-ramada\/","title":{"rendered":"22. November bis 30. Dezember | PTAT zeigt Gem\u00e4ldeausstellung von J\u00falio Ramada"},"content":{"rendered":"<p>Das Fremdenverkehrsb\u00fcro von Alto T\u00e2mega e Barroso (PTAT) zeigt vom 22. November bis zum 30. Dezember 2025 eine Gem\u00e4ldeausstellung des K\u00fcnstlers J\u00falio Ramada aus Vidago, einer Referenzfigur in der Kulturszene von Vidago. Die Ausstellung umfasst eine Reihe von Werken, die die Sensibilit\u00e4t des Malers widerspiegeln, gepr\u00e4gt von der Erforschung der Landschaft, der Farben und des Alltagslebens in Tr\u00e1s-os-Montes.<br \/>\nJ\u00falio Ramada, geboren 1954, widmete sein ganzes Leben der Kunst und der Gemeinschaft. 40 Jahre lang war er Lehrer f\u00fcr Technikunterricht an der Sekundarschule Fern\u00e3o de Magalh\u00e3es in Chaves, wo er Generationen von Sch\u00fclern beeinflusste und den k\u00fcnstlerischen Ausdruck f\u00f6rderte. Parallel dazu spielte er eine aktive Rolle im Kulturhaus von Vidago und beteiligte sich an verschiedenen lokalen Kulturinitiativen, darunter Theater und Musik, und war Mitglied einer Fado-Gruppe des Dorfes.<br \/>\nMit einer best\u00e4ndigen k\u00fcnstlerischen Laufbahn und mehreren Einzel- und Gemeinschaftsausstellungen im Laufe seiner Karriere pr\u00e4sentiert J\u00falio Ramada nun im PTAT eine Reihe von Werken, die seine kreative Identit\u00e4t und seine tiefe Verbundenheit mit der Region unterstreichen.<br \/>\nDas PTAT befindet sich in der Alameda do Tabolado in Chaves und ist von Montag bis Sonntag von 9 bis 18 Uhr ge\u00f6ffnet.<\/p>\n<p>Besuchen Sie uns!<\/p>\n","protected":false},"excerpt":{"rendered":"<p>Das Fremdenverkehrsb\u00fcro von Alto T\u00e2mega e Barroso (PTAT) zeigt vom 22. November bis zum 30. Dezember 2025 eine Gem\u00e4ldeausstellung des K\u00fcnstlers J\u00falio Ramada aus Vidago, einer Referenzfigur in der Kulturszene von Vidago. Die Ausstellung umfasst eine Reihe von Werken, die [&hellip;]<\/p>\n","protected":false},"author":8,"featured_media":42900,"comment_status":"closed","ping_status":"open","sticky":false,"template":"","format":"standard","meta":[],"categories":[532],"tags":[],"_links":{"self":[{"href":"https:\/\/visitaltotamegaebarroso.pt\/de\/wp-json\/wp\/v2\/posts\/42908"}],"collection":[{"href":"https:\/\/visitaltotamegaebarroso.pt\/de\/wp-json\/wp\/v2\/posts"}],"about":[{"href":"https:\/\/visitaltotamegaebarroso.pt\/de\/wp-json\/wp\/v2\/types\/post"}],"author":[{"embeddable":true,"href":"https:\/\/visitaltotamegaebarroso.pt\/de\/wp-json\/wp\/v2\/users\/8"}],"replies":[{"embeddable":true,"href":"https:\/\/visitaltotamegaebarroso.pt\/de\/wp-json\/wp\/v2\/comments?post=42908"}],"version-history":[{"count":1,"href":"https:\/\/visitaltotamegaebarroso.pt\/de\/wp-json\/wp\/v2\/posts\/42908\/revisions"}],"predecessor-version":[{"id":42909,"href":"https:\/\/visitaltotamegaebarroso.pt\/de\/wp-json\/wp\/v2\/posts\/42908\/revisions\/42909"}],"wp:featuredmedia":[{"embeddable":true,"href":"https:\/\/visitaltotamegaebarroso.pt\/de\/wp-json\/wp\/v2\/media\/42900"}],"wp:attachment":[{"href":"https:\/\/visitaltotamegaebarroso.pt\/de\/wp-json\/wp\/v2\/media?parent=42908"}],"wp:term":[{"taxonomy":"category","embeddable":true,"href":"https:\/\/visitaltotamegaebarroso.pt\/de\/wp-json\/wp\/v2\/categories?post=42908"},{"taxonomy":"post_tag","embeddable":true,"href":"https:\/\/visitaltotamegaebarroso.pt\/de\/wp-json\/wp\/v2\/tags?post=42908"}],"curies":[{"name":"wp","href":"https:\/\/api.w.org\/{rel}","templated":true}]}}