{"id":42012,"date":"2025-09-26T16:46:27","date_gmt":"2025-09-26T15:46:27","guid":{"rendered":"https:\/\/visitaltotamegaebarroso.pt\/01-bis-13-oktober-handwerkstraditionen-kehren-mit-der-korbwarenausstellung-im-ptat-zurueck\/"},"modified":"2025-09-26T16:46:27","modified_gmt":"2025-09-26T15:46:27","slug":"01-bis-13-oktober-handwerkstraditionen-kehren-mit-der-korbwarenausstellung-im-ptat-zurueck","status":"publish","type":"post","link":"https:\/\/visitaltotamegaebarroso.pt\/de\/01-bis-13-oktober-handwerkstraditionen-kehren-mit-der-korbwarenausstellung-im-ptat-zurueck\/","title":{"rendered":"01. bis 13. Oktober | Handwerkstraditionen kehren mit der \u201eKorbwarenausstellung\u201d im PTAT zur\u00fcck"},"content":{"rendered":"<div>Vom 1. bis 13. Oktober \u00f6ffnet das Fremdenverkehrsb\u00fcro von Alto T\u00e2mega e Barroso (PTAT) seine T\u00fcren f\u00fcr die \u201eKorbwarenausstellung\u201d, eine Initiative, die in Zusammenarbeit mit dem Entwicklungsverband von Vilar de Nantes (ADVN) entwickelt wurde.<\/div>\n<div><\/div>\n<div>Die Ausstellung soll die Volkskultur und die Handwerksmeister w\u00fcrdigen und den Reichtum der traditionellen Korbflechttechniken hervorheben, die \u00fcber Jahrhunderte hinweg die Identit\u00e4t und kulturelle Vielfalt der Region gepr\u00e4gt haben. Dies ist eine Gelegenheit f\u00fcr Besucher und die lokale Bev\u00f6lkerung, Erinnerungen aufleben zu lassen, die Sch\u00f6nheit der Handwerkskunst zu entdecken und \u00fcber die Bedeutung der Erhaltung des immateriellen Kulturerbes nachzudenken.<\/div>\n<div><\/div>\n<div>Das PTAT ist von Montag bis Sonntag ge\u00f6ffnet und ab Oktober von 9 bis 18 Uhr.<\/div>\n<div><\/div>\n<div>Besuchen Sie uns<\/div>\n","protected":false},"excerpt":{"rendered":"<p>Vom 1. bis 13. Oktober \u00f6ffnet das Fremdenverkehrsb\u00fcro von Alto T\u00e2mega e Barroso (PTAT) seine T\u00fcren f\u00fcr die \u201eKorbwarenausstellung\u201d, eine Initiative, die in Zusammenarbeit mit dem Entwicklungsverband von Vilar de Nantes (ADVN) entwickelt wurde. Die Ausstellung soll die Volkskultur und [&hellip;]<\/p>\n","protected":false},"author":7,"featured_media":41995,"comment_status":"closed","ping_status":"open","sticky":false,"template":"","format":"standard","meta":[],"categories":[532],"tags":[],"_links":{"self":[{"href":"https:\/\/visitaltotamegaebarroso.pt\/de\/wp-json\/wp\/v2\/posts\/42012"}],"collection":[{"href":"https:\/\/visitaltotamegaebarroso.pt\/de\/wp-json\/wp\/v2\/posts"}],"about":[{"href":"https:\/\/visitaltotamegaebarroso.pt\/de\/wp-json\/wp\/v2\/types\/post"}],"author":[{"embeddable":true,"href":"https:\/\/visitaltotamegaebarroso.pt\/de\/wp-json\/wp\/v2\/users\/7"}],"replies":[{"embeddable":true,"href":"https:\/\/visitaltotamegaebarroso.pt\/de\/wp-json\/wp\/v2\/comments?post=42012"}],"version-history":[{"count":0,"href":"https:\/\/visitaltotamegaebarroso.pt\/de\/wp-json\/wp\/v2\/posts\/42012\/revisions"}],"wp:featuredmedia":[{"embeddable":true,"href":"https:\/\/visitaltotamegaebarroso.pt\/de\/wp-json\/wp\/v2\/media\/41995"}],"wp:attachment":[{"href":"https:\/\/visitaltotamegaebarroso.pt\/de\/wp-json\/wp\/v2\/media?parent=42012"}],"wp:term":[{"taxonomy":"category","embeddable":true,"href":"https:\/\/visitaltotamegaebarroso.pt\/de\/wp-json\/wp\/v2\/categories?post=42012"},{"taxonomy":"post_tag","embeddable":true,"href":"https:\/\/visitaltotamegaebarroso.pt\/de\/wp-json\/wp\/v2\/tags?post=42012"}],"curies":[{"name":"wp","href":"https:\/\/api.w.org\/{rel}","templated":true}]}}