{"id":39626,"date":"2025-06-17T10:26:13","date_gmt":"2025-06-17T09:26:13","guid":{"rendered":"https:\/\/visitaltotamegaebarroso.pt\/?p=39626"},"modified":"2025-06-17T10:30:15","modified_gmt":"2025-06-17T09:30:15","slug":"20-bis-26-juni-cibos-da-terra-barrosa-bei-ptat-bew","status":"publish","type":"post","link":"https:\/\/visitaltotamegaebarroso.pt\/de\/20-bis-26-juni-cibos-da-terra-barrosa-bei-ptat-bew\/","title":{"rendered":"20. bis 26. Juni | \u201eCibos da Terra Barros\u00e3\u201c bei PTAT bew"},"content":{"rendered":"<p>Das 5. Tourismus- und Naturfestival \u201eCibos da Terra Barros\u00e3\u201c, das am 19. und 20. Juli im Natur- und Biodiversit\u00e4tspark Boticas stattfindet, wird vom 20. bis 26. Juni im Fremdenverkehrsamt Alto T\u00e2mega e Barroso (PTAT) vorgestellt.<\/p>\n<p>Es handelt sich um ein Themenfestival, das verschiedene Aktivit\u00e4ten im Zusammenhang mit Kultur, Tradition, Gastronomie und nat\u00fcrlich der Natur umfasst.<\/p>\n<p>W\u00e4hrend der Promotion im PTAT k\u00f6nnen Sie am 21. und 22. Juni eine Verkostung regionaler Produkte aus der Gemeinde Boticas genie\u00dfen, sich ein Werbevideo ansehen, das Ihnen nicht nur diese Veranstaltung, sondern auch den Ort, an dem sie stattfindet, n\u00e4her bringt, und Sie haben au\u00dferdem Zugang zu Werbeplakaten und Brosch\u00fcren.<\/p>\n<p>Die PTAT, die sich in der Alameda do Tabolado in Chaves befindet, hat bereits erweiterte \u00d6ffnungszeiten, die f\u00fcr die derzeitige Hochsaison typisch sind: von Montag bis Sonntag, von 09.00 bis 20.00 Uhr.<\/p>\n<p>Wir freuen uns, Sie dort zu sehen!<\/p>\n","protected":false},"excerpt":{"rendered":"<p>Das 5. Tourismus- und Naturfestival \u201eCibos da Terra Barros\u00e3\u201c, das am 19. und 20. Juli im Natur- und Biodiversit\u00e4tspark Boticas stattfindet, wird vom 20. bis 26. Juni im Fremdenverkehrsamt Alto T\u00e2mega e Barroso (PTAT) vorgestellt. Es handelt sich um ein [&hellip;]<\/p>\n","protected":false},"author":5,"featured_media":39611,"comment_status":"closed","ping_status":"open","sticky":false,"template":"","format":"standard","meta":[],"categories":[532],"tags":[],"_links":{"self":[{"href":"https:\/\/visitaltotamegaebarroso.pt\/de\/wp-json\/wp\/v2\/posts\/39626"}],"collection":[{"href":"https:\/\/visitaltotamegaebarroso.pt\/de\/wp-json\/wp\/v2\/posts"}],"about":[{"href":"https:\/\/visitaltotamegaebarroso.pt\/de\/wp-json\/wp\/v2\/types\/post"}],"author":[{"embeddable":true,"href":"https:\/\/visitaltotamegaebarroso.pt\/de\/wp-json\/wp\/v2\/users\/5"}],"replies":[{"embeddable":true,"href":"https:\/\/visitaltotamegaebarroso.pt\/de\/wp-json\/wp\/v2\/comments?post=39626"}],"version-history":[{"count":1,"href":"https:\/\/visitaltotamegaebarroso.pt\/de\/wp-json\/wp\/v2\/posts\/39626\/revisions"}],"predecessor-version":[{"id":39627,"href":"https:\/\/visitaltotamegaebarroso.pt\/de\/wp-json\/wp\/v2\/posts\/39626\/revisions\/39627"}],"wp:featuredmedia":[{"embeddable":true,"href":"https:\/\/visitaltotamegaebarroso.pt\/de\/wp-json\/wp\/v2\/media\/39611"}],"wp:attachment":[{"href":"https:\/\/visitaltotamegaebarroso.pt\/de\/wp-json\/wp\/v2\/media?parent=39626"}],"wp:term":[{"taxonomy":"category","embeddable":true,"href":"https:\/\/visitaltotamegaebarroso.pt\/de\/wp-json\/wp\/v2\/categories?post=39626"},{"taxonomy":"post_tag","embeddable":true,"href":"https:\/\/visitaltotamegaebarroso.pt\/de\/wp-json\/wp\/v2\/tags?post=39626"}],"curies":[{"name":"wp","href":"https:\/\/api.w.org\/{rel}","templated":true}]}}