{"id":12324,"date":"2023-04-18T18:21:27","date_gmt":"2023-04-18T18:21:27","guid":{"rendered":"https:\/\/visitaltotamegaebarroso.pt\/25-april-die-pt-academy-uebernimmt-den-rhythmus-von-ribeira-de-pena\/"},"modified":"2023-04-18T18:21:27","modified_gmt":"2023-04-18T18:21:27","slug":"25-april-die-pt-academy-uebernimmt-den-rhythmus-von-ribeira-de-pena","status":"publish","type":"post","link":"https:\/\/visitaltotamegaebarroso.pt\/de\/25-april-die-pt-academy-uebernimmt-den-rhythmus-von-ribeira-de-pena\/","title":{"rendered":"25. APRIL | Die PT Academy \u00fcbernimmt den Rhythmus von Ribeira de Pena"},"content":{"rendered":"<p><strong>Am 25. April findet um 11 Uhr auf dem Gemeindeplatz Ribeira de Pena die Tanzshow der PT Academy statt. Eine Initiative im Rahmen des Projekts Alto T\u00e2mega \u2013 ArtFest, mit freiem Eintritt.<\/strong><\/p>\n<p>Das ArtFest-Projekt (NORTE-04-2114-FEDER-000455) ist eine Initiative der Interkommunalen Gemeinschaft Alto T\u00e2mega und Barroso (CIMAT), die die Umsetzung von 48 Momenten der kulturellen F\u00f6rderung und Animation des Gebiets unter Einbeziehung von Musik- und Theatergruppen vorsieht , folkloristische Ranches und Tanzakademien, die Kulturakteure in der Region unterst\u00fctzen, die stark von der durch COVID-19 verursachten Pandemie betroffen waren.<\/p>\n<p>Das Hauptziel ist die F\u00f6rderung und touristische Aufwertung des kulturellen Erbes von Alto T\u00e2mega und Barroso. Zu diesem Zweck wird ein kulturelles Netzwerkprogramm vorgestellt, an dem die 6 Gemeinden Alto T\u00e2mega und Barroso (Boticas, Chaves, Montalegre, Ribeira de Pena, Valpa\u00e7os und Vila Pouca de Aguiar), F\u00f6rderung der Belebung kultureller R\u00e4ume (Auditorien, Theater, Mehrzweckr\u00e4ume, Mehrzweckr\u00e4ume und andere Veranstaltungsorte f\u00fcr Shows) sowie st\u00e4dtischer Museen oder museologischer R\u00e4ume.<\/p>\n<p>Wir z\u00e4hlen auf Ihre Anwesenheit am Dienstag, 25. April, um 11 Uhr, am Pra\u00e7a do Munic\u00edpio de Ribeira de Pena.<\/p>\n<p>Sie sind alle herzlich willkommen!<\/p>\n<p>Mitfinanziert durch:<\/p>\n<p><img decoding=\"async\" loading=\"lazy\" class=\"alignleft size-medium wp-image-3640\" src=\"https:\/\/cimat.pt\/wp-content\/uploads\/2017\/05\/barra_feder-446x57.jpg\" sizes=\"(max-width: 446px) 100vw, 446px\" srcset=\"https:\/\/cimat.pt\/wp-content\/uploads\/2017\/05\/barra_feder-446x57.jpg 446w, https:\/\/cimat.pt\/wp-content\/uploads\/2017\/05\/barra_feder-768x99.jpg 768w, https:\/\/cimat.pt\/wp-content\/uploads\/2017\/05\/barra_feder-893x115.jpg 893w\" alt=\"barra de apoios feder\" width=\"446\" height=\"57\" \/><\/p>\n","protected":false},"excerpt":{"rendered":"<p>Am 25. April findet um 11 Uhr auf dem Gemeindeplatz Ribeira de Pena die Tanzshow der PT Academy statt. Eine Initiative im Rahmen des Projekts Alto T\u00e2mega \u2013 ArtFest, mit freiem Eintritt. Das ArtFest-Projekt (NORTE-04-2114-FEDER-000455) ist eine Initiative der Interkommunalen [&hellip;]<\/p>\n","protected":false},"author":1,"featured_media":12067,"comment_status":"closed","ping_status":"open","sticky":false,"template":"","format":"standard","meta":[],"categories":[532],"tags":[537,620,568,639,617],"_links":{"self":[{"href":"https:\/\/visitaltotamegaebarroso.pt\/de\/wp-json\/wp\/v2\/posts\/12324"}],"collection":[{"href":"https:\/\/visitaltotamegaebarroso.pt\/de\/wp-json\/wp\/v2\/posts"}],"about":[{"href":"https:\/\/visitaltotamegaebarroso.pt\/de\/wp-json\/wp\/v2\/types\/post"}],"author":[{"embeddable":true,"href":"https:\/\/visitaltotamegaebarroso.pt\/de\/wp-json\/wp\/v2\/users\/1"}],"replies":[{"embeddable":true,"href":"https:\/\/visitaltotamegaebarroso.pt\/de\/wp-json\/wp\/v2\/comments?post=12324"}],"version-history":[{"count":0,"href":"https:\/\/visitaltotamegaebarroso.pt\/de\/wp-json\/wp\/v2\/posts\/12324\/revisions"}],"wp:featuredmedia":[{"embeddable":true,"href":"https:\/\/visitaltotamegaebarroso.pt\/de\/wp-json\/wp\/v2\/media\/12067"}],"wp:attachment":[{"href":"https:\/\/visitaltotamegaebarroso.pt\/de\/wp-json\/wp\/v2\/media?parent=12324"}],"wp:term":[{"taxonomy":"category","embeddable":true,"href":"https:\/\/visitaltotamegaebarroso.pt\/de\/wp-json\/wp\/v2\/categories?post=12324"},{"taxonomy":"post_tag","embeddable":true,"href":"https:\/\/visitaltotamegaebarroso.pt\/de\/wp-json\/wp\/v2\/tags?post=12324"}],"curies":[{"name":"wp","href":"https:\/\/api.w.org\/{rel}","templated":true}]}}